{"id":1021,"date":"2009-02-13T19:53:47","date_gmt":"2009-02-13T19:53:47","guid":{"rendered":"http:\/\/tarimhaber.com\/?p=1021"},"modified":"2009-02-13T19:53:47","modified_gmt":"2009-02-13T19:53:47","slug":"zeytinyagcilar-krize-ragmen-ihracatini-yuzde-28-artirdi","status":"publish","type":"post","link":"https:\/\/tarimhaber.com\/?p=1021","title":{"rendered":"Zeytinya\u011fc\u0131lar krize ra\u011fmen ihracat\u0131n\u0131 y\u00fczde 28 art\u0131rd\u0131"},"content":{"rendered":"<p>D\u00fcnyay\u0131 sarsan ekonomik mali kriz nedeniyle bir \u00e7ok sekt\u00f6rde ihracat durma noktas\u0131na gelirken zeytinya\u011f\u0131 sekt\u00f6r\u00fc ihracat\u0131n\u0131 y\u00fczde 28 art\u0131rd\u0131.<\/p>\n","protected":false},"excerpt":{"rendered":"<p>D\u00fcnyay\u0131 sarsan ekonomik mali kriz nedeniyle bir \u00e7ok sekt\u00f6rde ihracat durma noktas\u0131na gelirken zeytinya\u011f\u0131 sekt\u00f6r\u00fc ihracat\u0131n\u0131 y\u00fczde 28 art\u0131rd\u0131.<\/p>\n","protected":false},"author":1,"featured_media":0,"comment_status":"open","ping_status":"open","sticky":false,"template":"","format":"standard","meta":{"footnotes":""},"categories":[2],"tags":[],"class_list":["post-1021","post","type-post","status-publish","format-standard","hentry","category-tarimgentr"],"_links":{"self":[{"href":"https:\/\/tarimhaber.com\/index.php?rest_route=\/wp\/v2\/posts\/1021","targetHints":{"allow":["GET"]}}],"collection":[{"href":"https:\/\/tarimhaber.com\/index.php?rest_route=\/wp\/v2\/posts"}],"about":[{"href":"https:\/\/tarimhaber.com\/index.php?rest_route=\/wp\/v2\/types\/post"}],"author":[{"embeddable":true,"href":"https:\/\/tarimhaber.com\/index.php?rest_route=\/wp\/v2\/users\/1"}],"replies":[{"embeddable":true,"href":"https:\/\/tarimhaber.com\/index.php?rest_route=%2Fwp%2Fv2%2Fcomments&post=1021"}],"version-history":[{"count":0,"href":"https:\/\/tarimhaber.com\/index.php?rest_route=\/wp\/v2\/posts\/1021\/revisions"}],"wp:attachment":[{"href":"https:\/\/tarimhaber.com\/index.php?rest_route=%2Fwp%2Fv2%2Fmedia&parent=1021"}],"wp:term":[{"taxonomy":"category","embeddable":true,"href":"https:\/\/tarimhaber.com\/index.php?rest_route=%2Fwp%2Fv2%2Fcategories&post=1021"},{"taxonomy":"post_tag","embeddable":true,"href":"https:\/\/tarimhaber.com\/index.php?rest_route=%2Fwp%2Fv2%2Ftags&post=1021"}],"curies":[{"name":"wp","href":"https:\/\/api.w.org\/{rel}","templated":true}]}}