{"id":1022,"date":"2009-02-13T19:54:32","date_gmt":"2009-02-13T19:54:32","guid":{"rendered":"http:\/\/tarimhaber.com\/?p=1022"},"modified":"2009-02-13T19:54:32","modified_gmt":"2009-02-13T19:54:32","slug":"tuketici-harekete-gecirdi-turkiyenin-gida-risk-haritasi-cikariliyor","status":"publish","type":"post","link":"https:\/\/tarimhaber.com\/?p=1022","title":{"rendered":"T\u00fcketici harekete ge\u00e7irdi, T\u00fcrkiye&#8217;nin g\u0131da risk haritas\u0131 \u00e7\u0131kar\u0131l\u0131yor"},"content":{"rendered":"<p>T\u00fcketicinin g\u0131da g\u00fcvenli\u011fi konusundaki hassasiyeti Tar\u0131m Bakanl\u0131\u011f\u0131&#8217;n\u0131 da harekete ge\u00e7irdi. &#8216;174 Alo G\u0131da Hatt\u0131&#8217; kuran bakanl\u0131k, g\u0131da g\u00fcvenilirli\u011fi ile ilgili b\u00fcy\u00fck bir kampanya ba\u015flat\u0131yor.<\/p>\n<p>T\u00fcrkiye&#8217;de g\u00fcvenilir g\u0131da kavram\u0131n\u0131n benimsenmesi ve kamuoyu bilincinin geli\u015ftirilmesi i\u00e7in 2009&#8217;u &#8220;G\u0131da Y\u0131l\u0131&#8221; ilan eden Tar\u0131m Bakanl\u0131\u011f\u0131, g\u0131da g\u00fcvenilirli\u011fiyle ilgili b\u00fcy\u00fck bir kampanyaya haz\u0131rlan\u0131yor.<br \/>\n&#8220;G\u00fcvenilir G\u0131da Sa\u011fl\u0131kl\u0131 Ya\u015fam&#8221; slogan\u0131yla yola \u00e7\u0131k\u0131lan kampanya, 14 \u015eubat&#8217;ta Ba\u015fbakan Tayyip Erdo\u011fan&#8217;\u0131n kat\u0131laca\u011f\u0131 bir toplant\u0131yla tan\u0131t\u0131lacak. &#8220;174 Alo G\u0131da Hatt\u0131&#8221;n\u0131n a\u00e7\u0131l\u0131\u015f\u0131n\u0131n yap\u0131laca\u011f\u0131 toplant\u0131da y\u0131l i\u00e7inde yap\u0131lmas\u0131 planlanan bilgilendirme kampanyalar\u0131n\u0131n ayr\u0131nt\u0131lar\u0131ndan bahsedilecek.<\/p>\n","protected":false},"excerpt":{"rendered":"<p>T\u00fcketicinin g\u0131da g\u00fcvenli\u011fi konusundaki hassasiyeti Tar\u0131m Bakanl\u0131\u011f\u0131&#8217;n\u0131 da harekete ge\u00e7irdi. &#8216;174 Alo G\u0131da Hatt\u0131&#8217; kuran bakanl\u0131k, g\u0131da g\u00fcvenilirli\u011fi ile ilgili b\u00fcy\u00fck bir kampanya ba\u015flat\u0131yor. T\u00fcrkiye&#8217;de g\u00fcvenilir g\u0131da kavram\u0131n\u0131n benimsenmesi ve&hellip;<\/p>\n","protected":false},"author":1,"featured_media":0,"comment_status":"open","ping_status":"open","sticky":false,"template":"","format":"standard","meta":{"footnotes":""},"categories":[2],"tags":[],"class_list":["post-1022","post","type-post","status-publish","format-standard","hentry","category-tarimgentr"],"_links":{"self":[{"href":"https:\/\/tarimhaber.com\/index.php?rest_route=\/wp\/v2\/posts\/1022","targetHints":{"allow":["GET"]}}],"collection":[{"href":"https:\/\/tarimhaber.com\/index.php?rest_route=\/wp\/v2\/posts"}],"about":[{"href":"https:\/\/tarimhaber.com\/index.php?rest_route=\/wp\/v2\/types\/post"}],"author":[{"embeddable":true,"href":"https:\/\/tarimhaber.com\/index.php?rest_route=\/wp\/v2\/users\/1"}],"replies":[{"embeddable":true,"href":"https:\/\/tarimhaber.com\/index.php?rest_route=%2Fwp%2Fv2%2Fcomments&post=1022"}],"version-history":[{"count":0,"href":"https:\/\/tarimhaber.com\/index.php?rest_route=\/wp\/v2\/posts\/1022\/revisions"}],"wp:attachment":[{"href":"https:\/\/tarimhaber.com\/index.php?rest_route=%2Fwp%2Fv2%2Fmedia&parent=1022"}],"wp:term":[{"taxonomy":"category","embeddable":true,"href":"https:\/\/tarimhaber.com\/index.php?rest_route=%2Fwp%2Fv2%2Fcategories&post=1022"},{"taxonomy":"post_tag","embeddable":true,"href":"https:\/\/tarimhaber.com\/index.php?rest_route=%2Fwp%2Fv2%2Ftags&post=1022"}],"curies":[{"name":"wp","href":"https:\/\/api.w.org\/{rel}","templated":true}]}}