{"id":1024,"date":"2009-02-17T10:53:51","date_gmt":"2009-02-17T10:53:51","guid":{"rendered":"http:\/\/tarimhaber.com\/?p=1024"},"modified":"2009-02-17T10:53:51","modified_gmt":"2009-02-17T10:53:51","slug":"2009-tarim-yili-olacak","status":"publish","type":"post","link":"https:\/\/tarimhaber.com\/?p=1024","title":{"rendered":"2009 Tar\u0131m Y\u0131l\u0131 Olacak"},"content":{"rendered":"<p>Gaziantep \u015eahinbey Ziraat Odas\u0131 Ba\u015fkan\u0131 Hanifi \u015een, ge\u00e7en y\u0131l kurakl\u0131k y\u00fcz\u00fcnden hububat \u00fcretiminde ya\u015fanan d\u00fc\u015f\u00fc\u015f\u00fcn, ya\u011f\u0131\u015flar\u0131n bol olmas\u0131 nedeniyle 2009 y\u0131l\u0131nda ya\u015fanmayaca\u011f\u0131n\u0131 s\u00f6yledi.<br \/>\nG\u00fcneydo\u011fu Anadolu B\u00f6lgesi&#8217;nde ge\u00e7en y\u0131l ya\u015fanan kurakl\u0131k nedeniyle \u00f6zellikle mercimek olmak \u00fczere, nohut ve arpa \u00fcretiminde \u00f6nceki y\u0131llara oranla b\u00fcy\u00fck bir d\u00fc\u015f\u00fc\u015f\u00fcn ya\u015fand\u0131\u011f\u0131n\u0131 ve bu durumun fiyatlar\u0131 da etkiledi\u011fini belirten Gaziantep \u015eahinbey Ziraat Odas\u0131 Ba\u015fkan\u0131 Hanifi \u015een, \u015fu ana kadar ger\u00e7ekle\u015fen ya\u011f\u0131\u015flar\u0131n \u00e7ift\u00e7ilerin beklentilerinin de \u00fczerinde oldu\u011funu ifade etti. \u015een, &#8221;Ya\u011f\u0131\u015flar b\u00f6yle devam ederse 2009 y\u0131l\u0131 tar\u0131m y\u0131l\u0131 olacakt\u0131r. Bu ya\u011f\u0131\u015flar \u00f6zellikle hububat \u00fcretiminde b\u00fcy\u00fck bir art\u0131\u015f sa\u011flayacakt\u0131r. Ge\u00e7en y\u0131l ya\u015fanan kurakl\u0131k nedeniyle mercimek \u00fcretiminde d\u00fc\u015f\u00fc\u015f olmu\u015f ve mercime\u011fin fiyat\u0131 da aniden y\u00fckselmi\u015ftir. Ya\u011f\u0131\u015flar b\u00f6yle devam ederse 2009 y\u0131l\u0131nda mercimek ve di\u011fer \u00fcr\u00fcnlerde verim artacak bunun neticesinde bu \u00fcr\u00fcnlerin fiyatlar\u0131 da normal seviyesine \u00e7ekilecektir&#8221; dedi.<\/p>\n","protected":false},"excerpt":{"rendered":"<p>Gaziantep \u015eahinbey Ziraat Odas\u0131 Ba\u015fkan\u0131 Hanifi \u015een, ge\u00e7en y\u0131l kurakl\u0131k y\u00fcz\u00fcnden hububat \u00fcretiminde ya\u015fanan d\u00fc\u015f\u00fc\u015f\u00fcn, ya\u011f\u0131\u015flar\u0131n bol olmas\u0131 nedeniyle 2009 y\u0131l\u0131nda ya\u015fanmayaca\u011f\u0131n\u0131 s\u00f6yledi. G\u00fcneydo\u011fu Anadolu B\u00f6lgesi&#8217;nde ge\u00e7en y\u0131l ya\u015fanan kurakl\u0131k&hellip;<\/p>\n","protected":false},"author":1,"featured_media":0,"comment_status":"open","ping_status":"open","sticky":false,"template":"","format":"standard","meta":{"footnotes":""},"categories":[2],"tags":[],"class_list":["post-1024","post","type-post","status-publish","format-standard","hentry","category-tarimgentr"],"_links":{"self":[{"href":"https:\/\/tarimhaber.com\/index.php?rest_route=\/wp\/v2\/posts\/1024","targetHints":{"allow":["GET"]}}],"collection":[{"href":"https:\/\/tarimhaber.com\/index.php?rest_route=\/wp\/v2\/posts"}],"about":[{"href":"https:\/\/tarimhaber.com\/index.php?rest_route=\/wp\/v2\/types\/post"}],"author":[{"embeddable":true,"href":"https:\/\/tarimhaber.com\/index.php?rest_route=\/wp\/v2\/users\/1"}],"replies":[{"embeddable":true,"href":"https:\/\/tarimhaber.com\/index.php?rest_route=%2Fwp%2Fv2%2Fcomments&post=1024"}],"version-history":[{"count":0,"href":"https:\/\/tarimhaber.com\/index.php?rest_route=\/wp\/v2\/posts\/1024\/revisions"}],"wp:attachment":[{"href":"https:\/\/tarimhaber.com\/index.php?rest_route=%2Fwp%2Fv2%2Fmedia&parent=1024"}],"wp:term":[{"taxonomy":"category","embeddable":true,"href":"https:\/\/tarimhaber.com\/index.php?rest_route=%2Fwp%2Fv2%2Fcategories&post=1024"},{"taxonomy":"post_tag","embeddable":true,"href":"https:\/\/tarimhaber.com\/index.php?rest_route=%2Fwp%2Fv2%2Ftags&post=1024"}],"curies":[{"name":"wp","href":"https:\/\/api.w.org\/{rel}","templated":true}]}}