{"id":1032,"date":"2009-02-19T10:28:23","date_gmt":"2009-02-19T10:28:23","guid":{"rendered":"http:\/\/tarimhaber.com\/?p=1032"},"modified":"2009-02-19T10:28:23","modified_gmt":"2009-02-19T10:28:23","slug":"freshantalyaya-yurtdisi-katilimda-patlama-yasaniyor","status":"publish","type":"post","link":"https:\/\/tarimhaber.com\/?p=1032","title":{"rendered":"FreshAntalya&#8217;ya yurtd\u0131\u015f\u0131 kat\u0131l\u0131mda patlama ya\u015fan\u0131yor"},"content":{"rendered":"<p>Antalya&#8217;da 2007&#8217;den beri d\u00fczenlenmekte olan FreshAntalya Ya\u015f Meyve, Sebze, Lojistik ve Teknolojileri Fuar\u0131, b\u00f6lgenin uluslararas\u0131 bulu\u015fma noktas\u0131 olma yolunda ilerliyor. Antalya&#8217;da 19-21 Mart 2009 tarihleri aras\u0131nda bu y\u0131l 3&#8217;\u00fcnc\u00fcs\u00fc d\u00fczenlenecek FreshAntalya Fuar\u0131&#8217;na bu y\u0131l kat\u0131l\u0131mc\u0131 ve ziyaret\u00e7i say\u0131s\u0131n\u0131n y\u00fczde 30 artmas\u0131 hedefleniyor. Ge\u00e7en y\u0131l yerli ve yabanc\u0131 135 firman\u0131n kat\u0131ld\u0131\u011f\u0131 fuar\u0131, 5700 profesyonel ziyaret etmi\u015fti. Anfa\u015f Genel M\u00fcd\u00fcr Yard\u0131mc\u0131s\u0131 Server Se\u00e7er, fuar\u0131n tan\u0131t\u0131m\u0131n\u0131 Dubai, Almanya gibi kentlerde ger\u00e7ekle\u015ftirdiklerini belirterek organizasyonun ihracata da \u00f6nemli katk\u0131s\u0131 olaca\u011f\u0131n\u0131 kaydetti. FreshAntalya&#8217;n\u0131n ge\u00e7en y\u0131l yurti\u00e7i ve d\u0131\u015f\u0131ndan sekt\u00f6rel al\u0131m heyetleri say\u0131s\u0131n\u0131 3 kat\u0131na \u00e7\u0131kard\u0131\u011f\u0131n\u0131 kaydeden Se\u00e7er, &#8220;Ge\u00e7en y\u0131l 135 yerli ve yabanc\u0131 firman\u0131n kat\u0131ld\u0131\u011f\u0131 fuar\u0131 yakla\u015f\u0131k 6 bin profesyonel ziyaret etmi\u015fti. Bu y\u0131l hem kat\u0131l\u0131mc\u0131 hem de ziyaret\u00e7i say\u0131s\u0131n\u0131 en az y\u00fczde 30 art\u0131raca\u011f\u0131z. Rusya Federasyonu, Almanya, Ukrayna, Belarus, Moldova, Fransa, Polonya, Avusturya, Romanya, Bulgaristan, \u0130ngiltere, Hollanda, \u0130spanya, Yunanistan, Bel\u00e7ika, K\u0131br\u0131s, Azerbaycan, \u0130srail ve M\u0131s\u0131r&#8217;dan meyve-sebze hallerindeki komisyoncular, ithalat\u00e7\u0131lar, ihracat\u00e7\u0131lar, zincir marketlerin y\u00f6neticileri, meyve-sebze sekt\u00f6r\u00fc birlik ve federasyonlar\u0131 heyetler halinde geleceklerini bildirdi&#8221; dedi.<\/p>\n","protected":false},"excerpt":{"rendered":"<p>Antalya&#8217;da 2007&#8217;den beri d\u00fczenlenmekte olan FreshAntalya Ya\u015f Meyve, Sebze, Lojistik ve Teknolojileri Fuar\u0131, b\u00f6lgenin uluslararas\u0131 bulu\u015fma noktas\u0131 olma yolunda ilerliyor. Antalya&#8217;da 19-21 Mart 2009 tarihleri aras\u0131nda bu y\u0131l 3&#8217;\u00fcnc\u00fcs\u00fc d\u00fczenlenecek&hellip;<\/p>\n","protected":false},"author":1,"featured_media":0,"comment_status":"open","ping_status":"open","sticky":false,"template":"","format":"standard","meta":{"footnotes":""},"categories":[2],"tags":[953],"class_list":["post-1032","post","type-post","status-publish","format-standard","hentry","category-tarimgentr","tag-http-www-freshantalya-com"],"_links":{"self":[{"href":"https:\/\/tarimhaber.com\/index.php?rest_route=\/wp\/v2\/posts\/1032","targetHints":{"allow":["GET"]}}],"collection":[{"href":"https:\/\/tarimhaber.com\/index.php?rest_route=\/wp\/v2\/posts"}],"about":[{"href":"https:\/\/tarimhaber.com\/index.php?rest_route=\/wp\/v2\/types\/post"}],"author":[{"embeddable":true,"href":"https:\/\/tarimhaber.com\/index.php?rest_route=\/wp\/v2\/users\/1"}],"replies":[{"embeddable":true,"href":"https:\/\/tarimhaber.com\/index.php?rest_route=%2Fwp%2Fv2%2Fcomments&post=1032"}],"version-history":[{"count":0,"href":"https:\/\/tarimhaber.com\/index.php?rest_route=\/wp\/v2\/posts\/1032\/revisions"}],"wp:attachment":[{"href":"https:\/\/tarimhaber.com\/index.php?rest_route=%2Fwp%2Fv2%2Fmedia&parent=1032"}],"wp:term":[{"taxonomy":"category","embeddable":true,"href":"https:\/\/tarimhaber.com\/index.php?rest_route=%2Fwp%2Fv2%2Fcategories&post=1032"},{"taxonomy":"post_tag","embeddable":true,"href":"https:\/\/tarimhaber.com\/index.php?rest_route=%2Fwp%2Fv2%2Ftags&post=1032"}],"curies":[{"name":"wp","href":"https:\/\/api.w.org\/{rel}","templated":true}]}}