{"id":1033,"date":"2009-02-19T12:27:11","date_gmt":"2009-02-19T12:27:11","guid":{"rendered":"http:\/\/tarimhaber.com\/?p=1033"},"modified":"2009-02-19T12:27:11","modified_gmt":"2009-02-19T12:27:11","slug":"konya-etiyopyaya-aciliyor","status":"publish","type":"post","link":"https:\/\/tarimhaber.com\/?p=1033","title":{"rendered":"Konya Etiyopya`ya a\u00e7\u0131l\u0131yor"},"content":{"rendered":"<p>Tar\u0131m\u0131n yan\u0131nda, tar\u0131ma dayal\u0131 sanayisiyle de \u00f6ne \u00e7\u0131kan \u015fehirlerin ba\u015f\u0131nda gelen Konya, Etiyopya`ya tar\u0131m aletleri ihra\u00e7 etmek i\u00e7in Ticaret Odas\u0131 Y\u00f6netim Kurulu Ba\u015fkan\u0131 H\u00fcseyin \u00dcz\u00fclmez \u00f6nc\u00fcl\u00fc\u011f\u00fcnde firma yetkilileri bu \u00fclkeye gitti. Etiyopya Tar\u0131m Bakanl\u0131\u011f\u0131, Etiyopya Kalk\u0131nma Bankas\u0131 ve Etiyopya Tar\u0131m Kooperatifler Birli\u011fi ile g\u00f6r\u00fc\u015fmeler yapacak olan heyet, Etiyopya Ba\u015fbakan\u0131 ile de g\u00f6r\u00fc\u015fecek. Etiyopya`n\u0131n tar\u0131m makineleri konusunda \u00e7ok \u00f6nemli bir pazar oldu\u011funu belirten Ba\u015fkan \u00dcz\u00fclmez, `Tar\u0131m Makineleri ihracat\u0131nda \u00e7ok \u00f6nemli Pazar olarak g\u00f6rd\u00fc\u011f\u00fcm\u00fcz Etiyopya ile firmalar\u0131m\u0131z\u0131n \u00e7al\u0131\u015fmas\u0131 i\u00e7in oda olarak her t\u00fcrl\u00fc \u00f6nc\u00fcl\u00fc\u011f\u00fc yap\u0131yoruz. Bu \u00fclkeye tar\u0131m makineleri ihracat\u0131nda D\u00fcnya Bankas\u0131 da katk\u0131 sa\u011fl\u0131yor. Etiyopya toprak olarak T\u00fcrkiye`nin \u00fc\u00e7 kat\u0131 b\u00fcy\u00fckl\u00fc\u011f\u00fcnde bir tar\u0131m \u00fclkesidir. Fakat teknolojileri yeterli de\u011fil. Bu \u00e7al\u0131\u015fmam\u0131zla birlikte Konya tar\u0131m makineleri sanayisi sekt\u00f6r\u00fcne 10 milyar dolarl\u0131k bir i\u015f alan\u0131 a\u00e7m\u0131\u015f olaca\u011f\u0131z. Konya Ticaret Odas\u0131 projenin her a\u015famas\u0131nda tar\u0131m makineleri \u00fcreten firmalara destek verecektir` diye konu\u015ftu.<\/p>\n","protected":false},"excerpt":{"rendered":"<p>Tar\u0131m\u0131n yan\u0131nda, tar\u0131ma dayal\u0131 sanayisiyle de \u00f6ne \u00e7\u0131kan \u015fehirlerin ba\u015f\u0131nda gelen Konya, Etiyopya`ya tar\u0131m aletleri ihra\u00e7 etmek i\u00e7in Ticaret Odas\u0131 Y\u00f6netim Kurulu Ba\u015fkan\u0131 H\u00fcseyin \u00dcz\u00fclmez \u00f6nc\u00fcl\u00fc\u011f\u00fcnde firma yetkilileri bu \u00fclkeye&hellip;<\/p>\n","protected":false},"author":1,"featured_media":0,"comment_status":"open","ping_status":"open","sticky":false,"template":"","format":"standard","meta":{"footnotes":""},"categories":[2],"tags":[],"class_list":["post-1033","post","type-post","status-publish","format-standard","hentry","category-tarimgentr"],"_links":{"self":[{"href":"https:\/\/tarimhaber.com\/index.php?rest_route=\/wp\/v2\/posts\/1033","targetHints":{"allow":["GET"]}}],"collection":[{"href":"https:\/\/tarimhaber.com\/index.php?rest_route=\/wp\/v2\/posts"}],"about":[{"href":"https:\/\/tarimhaber.com\/index.php?rest_route=\/wp\/v2\/types\/post"}],"author":[{"embeddable":true,"href":"https:\/\/tarimhaber.com\/index.php?rest_route=\/wp\/v2\/users\/1"}],"replies":[{"embeddable":true,"href":"https:\/\/tarimhaber.com\/index.php?rest_route=%2Fwp%2Fv2%2Fcomments&post=1033"}],"version-history":[{"count":0,"href":"https:\/\/tarimhaber.com\/index.php?rest_route=\/wp\/v2\/posts\/1033\/revisions"}],"wp:attachment":[{"href":"https:\/\/tarimhaber.com\/index.php?rest_route=%2Fwp%2Fv2%2Fmedia&parent=1033"}],"wp:term":[{"taxonomy":"category","embeddable":true,"href":"https:\/\/tarimhaber.com\/index.php?rest_route=%2Fwp%2Fv2%2Fcategories&post=1033"},{"taxonomy":"post_tag","embeddable":true,"href":"https:\/\/tarimhaber.com\/index.php?rest_route=%2Fwp%2Fv2%2Ftags&post=1033"}],"curies":[{"name":"wp","href":"https:\/\/api.w.org\/{rel}","templated":true}]}}