{"id":1035,"date":"2009-02-20T07:28:19","date_gmt":"2009-02-20T07:28:19","guid":{"rendered":"http:\/\/tarimhaber.com\/?p=1035"},"modified":"2009-02-20T07:28:19","modified_gmt":"2009-02-20T07:28:19","slug":"koylu-zeytinimiz-dogaldir-diyor","status":"publish","type":"post","link":"https:\/\/tarimhaber.com\/?p=1035","title":{"rendered":"K\u00f6yl\u00fc &#8216;Zeytinimiz do\u011fald\u0131r&#8217; diyor"},"content":{"rendered":"<p>SOFRALIK zeytin \u00fcretimiyle ilgili son d\u00f6nemde medyada \u00e7\u0131kan haberlerin T\u00fcrkiye&#8217;deki zeytin t\u00fcketimini olumsuz etkiledi\u011fini savunan zeytin \u00fcreticileri, t\u00fcm \u00fcr\u00fcnlerin ayn\u0131 \u015fekilde de\u011fe\u0131iendirilmemesini istediler.<br \/>\nKendi bah\u00e7elerinden toplad\u0131klar\u0131 zeytinleri, kom\u015fulanyla i\u015fbirli\u011fi yaparak i\u015fleyen k\u00f6yl\u00fc kad\u0131nlar, ellerliye haz\u0131rlad\u0131klar\u0131 sofral\u0131k zeytinlerin tamamen do\u011fal oldu\u011funu belirtti.<br \/>\n\u00c7ine \u0130l\u00e7esi&#8217;ne ba\u011fl\u0131 G\u00f6kyaka K\u00f6y\u00fc&#8217;nde bah\u00e7elerden toplan zeytinler, mahalledeki kad\u0131nlar\u0131n i\u015fbirli\u011fi ile de\u011fi\u015fimli olarak haz\u0131rlan\u0131yor.<\/p>\n","protected":false},"excerpt":{"rendered":"<p>SOFRALIK zeytin \u00fcretimiyle ilgili son d\u00f6nemde medyada \u00e7\u0131kan haberlerin T\u00fcrkiye&#8217;deki zeytin t\u00fcketimini olumsuz etkiledi\u011fini savunan zeytin \u00fcreticileri, t\u00fcm \u00fcr\u00fcnlerin ayn\u0131 \u015fekilde de\u011fe\u0131iendirilmemesini istediler. Kendi bah\u00e7elerinden toplad\u0131klar\u0131 zeytinleri, kom\u015fulanyla i\u015fbirli\u011fi yaparak&hellip;<\/p>\n","protected":false},"author":1,"featured_media":0,"comment_status":"open","ping_status":"open","sticky":false,"template":"","format":"standard","meta":{"footnotes":""},"categories":[2],"tags":[],"class_list":["post-1035","post","type-post","status-publish","format-standard","hentry","category-tarimgentr"],"_links":{"self":[{"href":"https:\/\/tarimhaber.com\/index.php?rest_route=\/wp\/v2\/posts\/1035","targetHints":{"allow":["GET"]}}],"collection":[{"href":"https:\/\/tarimhaber.com\/index.php?rest_route=\/wp\/v2\/posts"}],"about":[{"href":"https:\/\/tarimhaber.com\/index.php?rest_route=\/wp\/v2\/types\/post"}],"author":[{"embeddable":true,"href":"https:\/\/tarimhaber.com\/index.php?rest_route=\/wp\/v2\/users\/1"}],"replies":[{"embeddable":true,"href":"https:\/\/tarimhaber.com\/index.php?rest_route=%2Fwp%2Fv2%2Fcomments&post=1035"}],"version-history":[{"count":0,"href":"https:\/\/tarimhaber.com\/index.php?rest_route=\/wp\/v2\/posts\/1035\/revisions"}],"wp:attachment":[{"href":"https:\/\/tarimhaber.com\/index.php?rest_route=%2Fwp%2Fv2%2Fmedia&parent=1035"}],"wp:term":[{"taxonomy":"category","embeddable":true,"href":"https:\/\/tarimhaber.com\/index.php?rest_route=%2Fwp%2Fv2%2Fcategories&post=1035"},{"taxonomy":"post_tag","embeddable":true,"href":"https:\/\/tarimhaber.com\/index.php?rest_route=%2Fwp%2Fv2%2Ftags&post=1035"}],"curies":[{"name":"wp","href":"https:\/\/api.w.org\/{rel}","templated":true}]}}