{"id":1038,"date":"2009-02-22T20:10:33","date_gmt":"2009-02-22T20:10:33","guid":{"rendered":"http:\/\/tarimhaber.com\/?p=1038"},"modified":"2009-02-22T20:10:33","modified_gmt":"2009-02-22T20:10:33","slug":"tarimda-tehlike-canlari-caliyor","status":"publish","type":"post","link":"https:\/\/tarimhaber.com\/?p=1038","title":{"rendered":"Tar\u0131mda tehlike \u00e7anlar\u0131 \u00e7al\u0131yor"},"content":{"rendered":"<p>T\u00fcrkiye Ziraat Odalar\u0131 Birli\u011fi (TZOB) Ba\u015fkan\u0131 \u015eemsi Bayraktar, kurakl\u0131k nedeniyle bor\u00e7lar\u0131 yap\u0131land\u0131r\u0131lan \u00e7ift\u00e7ilerin paras\u0131 olmad\u0131\u011f\u0131 i\u00e7in yeni \u00fcretime ge\u00e7emedi\u011fini ve yeni kredi de alamad\u0131\u011f\u0131 i\u00e7in tefecilere gitti\u011fini belirterek, &#8220;Tar\u0131mda tehlike \u00e7anlar\u0131 \u00e7al\u0131yor&#8221; dedi.<br \/>\nTZOB Ba\u015fkan\u0131 Bayraktar, birlik merkezinde d\u00fczenledi\u011fi bas\u0131n toplant\u0131s\u0131nda, tar\u0131mda ya\u015fanan s\u0131k\u0131nt\u0131lara de\u011findi. Tar\u0131m sekt\u00f6r\u00fcn\u00fcn istihdamdaki pay\u0131n\u0131n son y\u0131llarda \u00f6nemli oranda azald\u0131\u011f\u0131n\u0131 belirten Bayraktar, 201 y\u0131l\u0131nda y\u00fczde 37.6 olan tar\u0131m\u0131n istihdamdaki pay\u0131n\u0131n 2007&#8217;de y\u00fczde 26.4&#8217;e geriledi\u011fini, 2008 y\u0131l\u0131nda da \u00f6nceki y\u0131l\u0131n seviyesine yak\u0131n olaca\u011f\u0131n\u0131n beklendi\u011fini s\u00f6yledi. &#8220;Her krizde oldu\u011fu gibi bu krizde de tar\u0131m sekt\u00f6r\u00fc i\u015fsizlere kucak a\u00e7m\u0131\u015f, sofras\u0131nda yer vermi\u015ftir&#8221; diyen Bayraktar, tar\u0131m yaparken \u015fehre g\u00f6\u00e7 eden ancak kriz nedeniyle i\u015fsiz kalanlar\u0131n yeniden tar\u0131ma y\u00f6neldi\u011fini belirtti.<\/p>\n","protected":false},"excerpt":{"rendered":"<p>T\u00fcrkiye Ziraat Odalar\u0131 Birli\u011fi (TZOB) Ba\u015fkan\u0131 \u015eemsi Bayraktar, kurakl\u0131k nedeniyle bor\u00e7lar\u0131 yap\u0131land\u0131r\u0131lan \u00e7ift\u00e7ilerin paras\u0131 olmad\u0131\u011f\u0131 i\u00e7in yeni \u00fcretime ge\u00e7emedi\u011fini ve yeni kredi de alamad\u0131\u011f\u0131 i\u00e7in tefecilere gitti\u011fini belirterek, &#8220;Tar\u0131mda tehlike&hellip;<\/p>\n","protected":false},"author":1,"featured_media":0,"comment_status":"open","ping_status":"open","sticky":false,"template":"","format":"standard","meta":{"footnotes":""},"categories":[2],"tags":[],"class_list":["post-1038","post","type-post","status-publish","format-standard","hentry","category-tarimgentr"],"_links":{"self":[{"href":"https:\/\/tarimhaber.com\/index.php?rest_route=\/wp\/v2\/posts\/1038","targetHints":{"allow":["GET"]}}],"collection":[{"href":"https:\/\/tarimhaber.com\/index.php?rest_route=\/wp\/v2\/posts"}],"about":[{"href":"https:\/\/tarimhaber.com\/index.php?rest_route=\/wp\/v2\/types\/post"}],"author":[{"embeddable":true,"href":"https:\/\/tarimhaber.com\/index.php?rest_route=\/wp\/v2\/users\/1"}],"replies":[{"embeddable":true,"href":"https:\/\/tarimhaber.com\/index.php?rest_route=%2Fwp%2Fv2%2Fcomments&post=1038"}],"version-history":[{"count":0,"href":"https:\/\/tarimhaber.com\/index.php?rest_route=\/wp\/v2\/posts\/1038\/revisions"}],"wp:attachment":[{"href":"https:\/\/tarimhaber.com\/index.php?rest_route=%2Fwp%2Fv2%2Fmedia&parent=1038"}],"wp:term":[{"taxonomy":"category","embeddable":true,"href":"https:\/\/tarimhaber.com\/index.php?rest_route=%2Fwp%2Fv2%2Fcategories&post=1038"},{"taxonomy":"post_tag","embeddable":true,"href":"https:\/\/tarimhaber.com\/index.php?rest_route=%2Fwp%2Fv2%2Ftags&post=1038"}],"curies":[{"name":"wp","href":"https:\/\/api.w.org\/{rel}","templated":true}]}}