{"id":1041,"date":"2009-02-27T07:24:28","date_gmt":"2009-02-27T07:24:28","guid":{"rendered":"http:\/\/tarimhaber.com\/?p=1041"},"modified":"2009-02-27T07:24:28","modified_gmt":"2009-02-27T07:24:28","slug":"domateste-son-10-yilin-en-kotu-donemi-yasaniyor","status":"publish","type":"post","link":"https:\/\/tarimhaber.com\/?p=1041","title":{"rendered":"Domateste son 10 y\u0131l\u0131n en k\u00f6t\u00fc d\u00f6nemi ya\u015fan\u0131yor"},"content":{"rendered":"<p>Antalya Ya\u015f Meyve Sebze \u0130hracat\u00e7\u0131 Birlikleri (AYMS\u0130B) Ba\u015fkan\u0131 Mustafa Sat\u0131c\u0131, k\u00fcresel kriz nedeniyle domateste Avrupa pazar\u0131nda daralma oldu\u011funu ve fiyatlar\u0131n 50 cente kadar d\u00fc\u015ft\u00fc\u011f\u00fcn\u00fc s\u00f6yledi. Sat\u0131c\u0131, ge\u00e7en a\u011fustos d\u00f6nemindeki dikim a\u015famas\u0131nda havalar\u0131n s\u0131cak gitmesi, \u00fcreticinin pahal\u0131 oldu\u011fu i\u00e7in g\u00fcbre kullan\u0131m\u0131n\u0131 azaltmas\u0131, \u00fcr\u00fcnde vir\u00fcs ya\u015fanmas\u0131 ve son g\u00fcnlerdeki a\u015f\u0131r\u0131 so\u011fuklar nedeniyle domates kalitesinde bozulmalar ya\u015fand\u0131\u011f\u0131n\u0131 vurgulad\u0131. Domateste kalitenin bozulmas\u0131n\u0131n ihracat\u0131 da olumsuz etkiledi\u011fini belirten Sat\u0131c\u0131, domates fiyatlar\u0131n\u0131n tamamen ihracata endeksli oldu\u011funa dikkati \u00e7ekti. \u00dcretici ve ihracat\u00e7\u0131n\u0131n ma\u011fdur oldu\u011funu belirten Sat\u0131c\u0131, \u015funlar\u0131 kaydetti: &#8220;Domateste son 10 y\u0131l\u0131n en k\u00f6t\u00fc d\u00f6nemi ya\u015fan\u0131yor. K\u00fcresel kriz nedeniyle Avrupal\u0131 t\u00fcketici de tasarrufa y\u00f6neldi, ihtiya\u00e7lar\u0131n\u0131 k\u0131st\u0131. Bu nedenle Avrupa pazar\u0131nda daralma var. Avrupa&#8217;da domates fiyatlar\u0131 50 cente kadar d\u00fc\u015ft\u00fc. Avrupa&#8217;da \u0130spanya ba\u015fta olmak \u00fczere Fas&#8217;ta \u00fcretilen domatesin fiyatlar\u0131 T\u00fcrk \u00fcr\u00fcnlerinden daha ucuz. Fiyatlar\u0131n d\u00fc\u015fmesi \u00fczerine \u00fcretici hem de ihracat\u00e7\u0131 \u00e7ok zor durumda kald\u0131.&#8221;<\/p>\n","protected":false},"excerpt":{"rendered":"<p>Antalya Ya\u015f Meyve Sebze \u0130hracat\u00e7\u0131 Birlikleri (AYMS\u0130B) Ba\u015fkan\u0131 Mustafa Sat\u0131c\u0131, k\u00fcresel kriz nedeniyle domateste Avrupa pazar\u0131nda daralma oldu\u011funu ve fiyatlar\u0131n 50 cente kadar d\u00fc\u015ft\u00fc\u011f\u00fcn\u00fc s\u00f6yledi. Sat\u0131c\u0131, ge\u00e7en a\u011fustos d\u00f6nemindeki dikim&hellip;<\/p>\n","protected":false},"author":1,"featured_media":0,"comment_status":"open","ping_status":"open","sticky":false,"template":"","format":"standard","meta":{"footnotes":""},"categories":[2],"tags":[],"class_list":["post-1041","post","type-post","status-publish","format-standard","hentry","category-tarimgentr"],"_links":{"self":[{"href":"https:\/\/tarimhaber.com\/index.php?rest_route=\/wp\/v2\/posts\/1041","targetHints":{"allow":["GET"]}}],"collection":[{"href":"https:\/\/tarimhaber.com\/index.php?rest_route=\/wp\/v2\/posts"}],"about":[{"href":"https:\/\/tarimhaber.com\/index.php?rest_route=\/wp\/v2\/types\/post"}],"author":[{"embeddable":true,"href":"https:\/\/tarimhaber.com\/index.php?rest_route=\/wp\/v2\/users\/1"}],"replies":[{"embeddable":true,"href":"https:\/\/tarimhaber.com\/index.php?rest_route=%2Fwp%2Fv2%2Fcomments&post=1041"}],"version-history":[{"count":0,"href":"https:\/\/tarimhaber.com\/index.php?rest_route=\/wp\/v2\/posts\/1041\/revisions"}],"wp:attachment":[{"href":"https:\/\/tarimhaber.com\/index.php?rest_route=%2Fwp%2Fv2%2Fmedia&parent=1041"}],"wp:term":[{"taxonomy":"category","embeddable":true,"href":"https:\/\/tarimhaber.com\/index.php?rest_route=%2Fwp%2Fv2%2Fcategories&post=1041"},{"taxonomy":"post_tag","embeddable":true,"href":"https:\/\/tarimhaber.com\/index.php?rest_route=%2Fwp%2Fv2%2Ftags&post=1041"}],"curies":[{"name":"wp","href":"https:\/\/api.w.org\/{rel}","templated":true}]}}