{"id":1051,"date":"2009-02-27T08:44:13","date_gmt":"2009-02-27T08:44:13","guid":{"rendered":"http:\/\/tarimhaber.com\/?p=1051"},"modified":"2009-02-27T08:44:13","modified_gmt":"2009-02-27T08:44:13","slug":"mhpli-sandir-soruyor-anamur-ve-bozyazi-ilcelerini-afet-bolgesi-ilan-etmeyi-dusunuyor-musunuz","status":"publish","type":"post","link":"https:\/\/tarimhaber.com\/?p=1051","title":{"rendered":"MHP\u2019li \u015eand\u0131r soruyor: \u201cAnamur ve Bozyaz\u0131 il\u00e7elerini afet b\u00f6lgesi ilan etmeyi d\u00fc\u015f\u00fcn\u00fcyor musunuz?\u201d"},"content":{"rendered":"<p>MHP Grup Ba\u015fkan Vekili ve Mersin Milletvekili Mehmet \u015eand\u0131r, Ba\u015fbakan Recep Tayyip Erdo\u011fan taraf\u0131ndan yaz\u0131l\u0131 olarak cevapland\u0131r\u0131lmas\u0131 talebiyle TBMM Ba\u015fkanl\u0131\u011f\u0131na verdi\u011fi soru \u00f6nergesinde, \u201cAnamur ve Bozyaz\u0131 il\u00e7elerini afet b\u00f6lgesi ilan etmeyi d\u00fc\u015f\u00fcn\u00fcyor musunuz?\u201d dedi.<br \/>\n\u0130\u015fte Mehmet \u015eand\u0131r\u2019\u0131n soru \u00f6nergesi:<br \/>\n\u201cMersin ilinin Anamur ve Bozyaz\u0131 il\u00e7elerinde 23.02.2009 g\u00fcn\u00fc saat 16:30 s\u0131ralar\u0131nda ba\u015flay\u0131p 18:30\u2019a kadar devam eden dolu ya\u011f\u0131\u015f\u0131 ve sonucundaki sel felaketinden dolay\u0131 binlerce dekar \u00f6rt\u00fcalt\u0131 \u00fcretim yap\u0131lan seralarda, a\u00e7\u0131k \u00e7ilek ve tarla ziraat\u0131 yap\u0131lan alanlarda ve de meyve bah\u00e7elerinde b\u00fcy\u00fck zararlar meydana gelmi\u015ftir.<\/p>\n","protected":false},"excerpt":{"rendered":"<p>MHP Grup Ba\u015fkan Vekili ve Mersin Milletvekili Mehmet \u015eand\u0131r, Ba\u015fbakan Recep Tayyip Erdo\u011fan taraf\u0131ndan yaz\u0131l\u0131 olarak cevapland\u0131r\u0131lmas\u0131 talebiyle TBMM Ba\u015fkanl\u0131\u011f\u0131na verdi\u011fi soru \u00f6nergesinde, \u201cAnamur ve Bozyaz\u0131 il\u00e7elerini afet b\u00f6lgesi ilan&hellip;<\/p>\n","protected":false},"author":1,"featured_media":0,"comment_status":"open","ping_status":"open","sticky":false,"template":"","format":"standard","meta":{"footnotes":""},"categories":[2],"tags":[],"class_list":["post-1051","post","type-post","status-publish","format-standard","hentry","category-tarimgentr"],"_links":{"self":[{"href":"https:\/\/tarimhaber.com\/index.php?rest_route=\/wp\/v2\/posts\/1051","targetHints":{"allow":["GET"]}}],"collection":[{"href":"https:\/\/tarimhaber.com\/index.php?rest_route=\/wp\/v2\/posts"}],"about":[{"href":"https:\/\/tarimhaber.com\/index.php?rest_route=\/wp\/v2\/types\/post"}],"author":[{"embeddable":true,"href":"https:\/\/tarimhaber.com\/index.php?rest_route=\/wp\/v2\/users\/1"}],"replies":[{"embeddable":true,"href":"https:\/\/tarimhaber.com\/index.php?rest_route=%2Fwp%2Fv2%2Fcomments&post=1051"}],"version-history":[{"count":0,"href":"https:\/\/tarimhaber.com\/index.php?rest_route=\/wp\/v2\/posts\/1051\/revisions"}],"wp:attachment":[{"href":"https:\/\/tarimhaber.com\/index.php?rest_route=%2Fwp%2Fv2%2Fmedia&parent=1051"}],"wp:term":[{"taxonomy":"category","embeddable":true,"href":"https:\/\/tarimhaber.com\/index.php?rest_route=%2Fwp%2Fv2%2Fcategories&post=1051"},{"taxonomy":"post_tag","embeddable":true,"href":"https:\/\/tarimhaber.com\/index.php?rest_route=%2Fwp%2Fv2%2Ftags&post=1051"}],"curies":[{"name":"wp","href":"https:\/\/api.w.org\/{rel}","templated":true}]}}