{"id":1056,"date":"2009-03-05T09:18:07","date_gmt":"2009-03-05T09:18:07","guid":{"rendered":"http:\/\/tarimhaber.com\/?p=1056"},"modified":"2009-03-05T09:18:07","modified_gmt":"2009-03-05T09:18:07","slug":"mayinli-arazilerin-temizlenmesiyle-ilgili-yasa-insallah-nisanda","status":"publish","type":"post","link":"https:\/\/tarimhaber.com\/?p=1056","title":{"rendered":"&#8220;May\u0131nl\u0131 arazilerin temizlenmesiyle ilgili yasa, in\u015fallah nisanda&#8221;"},"content":{"rendered":"<p>Devlet Bakan\u0131 ve Ba\u015fbakan Yard\u0131mc\u0131s\u0131 Cemil \u00c7i\u00e7ek, &#8220;May\u0131nl\u0131 arazilerin temizlenmesiyle ilgili yasay\u0131, muhalefette de s\u0131k\u0131nt\u0131 olmazsa in\u015fallah nisanda \u00e7\u0131kar\u0131r\u0131z&#8221; dedi.\u00c7i\u00e7ek, Kilis&#8217;te yeni itfaiye binas\u0131n\u0131n a\u00e7\u0131l\u0131\u015f t\u00f6reninde yapt\u0131\u011f\u0131 konu\u015fmada, vatanda\u015flara kamu hizmetlerinin, merkezi hizmetler ve mahalli idare hizmetleri vas\u0131tas\u0131yla ula\u015ft\u0131r\u0131ld\u0131\u011f\u0131n\u0131, bu iki hizmetin koordineli ve uyum i\u00e7inde s\u00fcrd\u00fcr\u00fclmesinin kentlerin ya\u015fam d\u00fczeyinin geli\u015fmesinde \u00f6nemli oldu\u011funu s\u00f6yledi.<br \/>\nH\u00fck\u00fcmet olarak mahalli hizmetlere \u00f6nem verdiklerini bildiren \u00c7i\u00e7ek, &#8220;AK Parti iktidar\u0131 d\u00f6neminde mahalli hizmetlere, \u00f6nceki d\u00f6nemlerden daha fazla kaynak ve imkan sa\u011flad\u0131k. \u00d6n\u00fcm\u00fczdeki 5 y\u0131lda T\u00fcrkiye mahalli idareler ve belediye a\u00e7\u0131s\u0131ndan daha ileri noktaya gelecektir. Elimizden geldi\u011fince desteklemeye devam edece\u011fiz&#8221; diye konu\u015ftu.<\/p>\n","protected":false},"excerpt":{"rendered":"<p>Devlet Bakan\u0131 ve Ba\u015fbakan Yard\u0131mc\u0131s\u0131 Cemil \u00c7i\u00e7ek, &#8220;May\u0131nl\u0131 arazilerin temizlenmesiyle ilgili yasay\u0131, muhalefette de s\u0131k\u0131nt\u0131 olmazsa in\u015fallah nisanda \u00e7\u0131kar\u0131r\u0131z&#8221; dedi.\u00c7i\u00e7ek, Kilis&#8217;te yeni itfaiye binas\u0131n\u0131n a\u00e7\u0131l\u0131\u015f t\u00f6reninde yapt\u0131\u011f\u0131 konu\u015fmada, vatanda\u015flara kamu&hellip;<\/p>\n","protected":false},"author":1,"featured_media":0,"comment_status":"open","ping_status":"open","sticky":false,"template":"","format":"standard","meta":{"footnotes":""},"categories":[2],"tags":[4186],"class_list":["post-1056","post","type-post","status-publish","format-standard","hentry","category-tarimgentr","tag-www-dunyagazetesi-com-tr"],"_links":{"self":[{"href":"https:\/\/tarimhaber.com\/index.php?rest_route=\/wp\/v2\/posts\/1056","targetHints":{"allow":["GET"]}}],"collection":[{"href":"https:\/\/tarimhaber.com\/index.php?rest_route=\/wp\/v2\/posts"}],"about":[{"href":"https:\/\/tarimhaber.com\/index.php?rest_route=\/wp\/v2\/types\/post"}],"author":[{"embeddable":true,"href":"https:\/\/tarimhaber.com\/index.php?rest_route=\/wp\/v2\/users\/1"}],"replies":[{"embeddable":true,"href":"https:\/\/tarimhaber.com\/index.php?rest_route=%2Fwp%2Fv2%2Fcomments&post=1056"}],"version-history":[{"count":0,"href":"https:\/\/tarimhaber.com\/index.php?rest_route=\/wp\/v2\/posts\/1056\/revisions"}],"wp:attachment":[{"href":"https:\/\/tarimhaber.com\/index.php?rest_route=%2Fwp%2Fv2%2Fmedia&parent=1056"}],"wp:term":[{"taxonomy":"category","embeddable":true,"href":"https:\/\/tarimhaber.com\/index.php?rest_route=%2Fwp%2Fv2%2Fcategories&post=1056"},{"taxonomy":"post_tag","embeddable":true,"href":"https:\/\/tarimhaber.com\/index.php?rest_route=%2Fwp%2Fv2%2Ftags&post=1056"}],"curies":[{"name":"wp","href":"https:\/\/api.w.org\/{rel}","templated":true}]}}