{"id":1059,"date":"2009-03-11T12:23:02","date_gmt":"2009-03-11T12:23:02","guid":{"rendered":"http:\/\/tarimhaber.com\/?p=1059"},"modified":"2009-03-11T12:23:02","modified_gmt":"2009-03-11T12:23:02","slug":"tarimsal-atiklardan-enerji-uretimi-yolda","status":"publish","type":"post","link":"https:\/\/tarimhaber.com\/?p=1059","title":{"rendered":"Tar\u0131msal at\u0131klardan enerji \u00fcretimi yolda"},"content":{"rendered":"<p>T\u00fcrkiye, g\u00fcne\u015f ve r\u00fczg\u00e2r gibi alternatif enerji kaynaklar\u0131n\u0131n ard\u0131ndan \u015fimdi de tar\u0131msal at\u0131klar ile tan\u0131\u015fmaya haz\u0131rlan\u0131yor. Enerji ve Tabii Kaynaklar Bakan\u0131 Hilmi G\u00fcler, aralar\u0131nda f\u0131nd\u0131k, ay\u00e7i\u00e7ek ve m\u0131s\u0131r gibi bitkilerin oldu\u011fu tar\u0131msal g\u0131dalardan enerji \u00fcretimine ili\u015fkin yurt genelinde yapt\u0131klar\u0131 envanter \u00e7al\u0131\u015fmas\u0131n\u0131 tamamlad\u0131klar\u0131n\u0131 a\u00e7\u0131klad\u0131. Tar\u0131msal at\u0131klardan enerji \u00fcretimine ili\u015fkin tan\u0131t\u0131mlara ba\u015flad\u0131klar\u0131n\u0131 belirten G\u00fcler, &#8220;T\u00fcrkiye&#8217;de bu alanda rahatl\u0131kla 5 bin megawatt&#8217;a kadar kurulacak potansiyel var. \u015eu anda bu tarz bitkilerin yurt genelinde en yo\u011fun yeti\u015fti\u011fi yerlerde santrallerin nas\u0131l kurulaca\u011f\u0131n\u0131n haz\u0131rl\u0131\u011f\u0131n\u0131 yap\u0131yoruz. \u00dcretimi tabiki \u00f6zel sekt\u00f6r\u00fcn yapmas\u0131ndan yanay\u0131z. Yasada 10 y\u0131l al\u0131m garantisi de mevcut&#8221; dedi.<br \/>\nG\u00fcler, Yenilenebilir Enerji Yasas\u0131 kapsam\u0131nda alternatif kaynaklardan biri olarak g\u00f6sterilen tar\u0131msal at\u0131klardan enerji \u00fcretimi devrinin T\u00fcrkiye&#8217;de de ba\u015flad\u0131\u011f\u0131n\u0131 s\u00f6yledi. AB \u00fclkelerinde uzun s\u00fcredir tar\u0131msal at\u0131klardan enerji \u00fcretildi\u011fine dikkat \u00e7eken G\u00fcler, &#8220;Bu durum T\u00fcrkiye a\u00e7\u0131s\u0131ndan yeni olsa da Avrupa&#8217;da tar\u0131msal at\u0131klar uzun s\u00fcredir enerji i\u00e7in kullan\u0131l\u0131yor. T\u00fcrkiye&#8217;de r\u00fczg\u00e2r enerjisine nas\u0131l ra\u011fbet edildiyse, tar\u0131msal at\u0131klar da \u00f6yle olacak&#8221; \u015feklinde konu\u015ftu.<\/p>\n","protected":false},"excerpt":{"rendered":"<p>T\u00fcrkiye, g\u00fcne\u015f ve r\u00fczg\u00e2r gibi alternatif enerji kaynaklar\u0131n\u0131n ard\u0131ndan \u015fimdi de tar\u0131msal at\u0131klar ile tan\u0131\u015fmaya haz\u0131rlan\u0131yor. Enerji ve Tabii Kaynaklar Bakan\u0131 Hilmi G\u00fcler, aralar\u0131nda f\u0131nd\u0131k, ay\u00e7i\u00e7ek ve m\u0131s\u0131r gibi bitkilerin&hellip;<\/p>\n","protected":false},"author":1,"featured_media":0,"comment_status":"open","ping_status":"open","sticky":false,"template":"","format":"standard","meta":{"footnotes":""},"categories":[2],"tags":[],"class_list":["post-1059","post","type-post","status-publish","format-standard","hentry","category-tarimgentr"],"_links":{"self":[{"href":"https:\/\/tarimhaber.com\/index.php?rest_route=\/wp\/v2\/posts\/1059","targetHints":{"allow":["GET"]}}],"collection":[{"href":"https:\/\/tarimhaber.com\/index.php?rest_route=\/wp\/v2\/posts"}],"about":[{"href":"https:\/\/tarimhaber.com\/index.php?rest_route=\/wp\/v2\/types\/post"}],"author":[{"embeddable":true,"href":"https:\/\/tarimhaber.com\/index.php?rest_route=\/wp\/v2\/users\/1"}],"replies":[{"embeddable":true,"href":"https:\/\/tarimhaber.com\/index.php?rest_route=%2Fwp%2Fv2%2Fcomments&post=1059"}],"version-history":[{"count":0,"href":"https:\/\/tarimhaber.com\/index.php?rest_route=\/wp\/v2\/posts\/1059\/revisions"}],"wp:attachment":[{"href":"https:\/\/tarimhaber.com\/index.php?rest_route=%2Fwp%2Fv2%2Fmedia&parent=1059"}],"wp:term":[{"taxonomy":"category","embeddable":true,"href":"https:\/\/tarimhaber.com\/index.php?rest_route=%2Fwp%2Fv2%2Fcategories&post=1059"},{"taxonomy":"post_tag","embeddable":true,"href":"https:\/\/tarimhaber.com\/index.php?rest_route=%2Fwp%2Fv2%2Ftags&post=1059"}],"curies":[{"name":"wp","href":"https:\/\/api.w.org\/{rel}","templated":true}]}}