{"id":1060,"date":"2009-03-12T07:27:53","date_gmt":"2009-03-12T07:27:53","guid":{"rendered":"http:\/\/tarimhaber.com\/?p=1060"},"modified":"2009-03-12T07:27:53","modified_gmt":"2009-03-12T07:27:53","slug":"koylerde-zeytin-yetistiriciligi-projesiyle-alanya-zeytin-kenti-olacak","status":"publish","type":"post","link":"https:\/\/tarimhaber.com\/?p=1060","title":{"rendered":"K\u00f6ylerde Zeytin Yeti\u015ftiricili\u011fi Projesi&#8217;yle Alanya Zeytin Kenti Olacak"},"content":{"rendered":"<p>Antalya&#8217;n\u0131n Alanya il\u00e7esinde &#8216;K\u00f6ylerde Zeytin Yeti\u015ftiricili\u011fi Projesi&#8217; kapsam\u0131nda bin aileye 75&#8217;er adet zeytin fidan\u0131 da\u011f\u0131t\u0131lacak. Alanya b\u00f6lgesi b\u00f6ylece muzun yan\u0131 s\u0131ra zeytin kenti olarak an\u0131lacak.<br \/>\nAlanya Kaymakaml\u0131\u011f\u0131 Sosyal Yard\u0131mla\u015fma ve Dayan\u0131\u015fma Vakf\u0131 (SYDV)&#8217;n\u0131n k\u0131rsal b\u00f6lgeleri ekonomik y\u00f6nden kalk\u0131nd\u0131rmak amac\u0131yla hayata ge\u00e7irdi\u011fi proje geni\u015fleyerek devam ediyor. Proje kapsam\u0131nda \u00fcreticilere \u00e7e\u015fitli meyve ve sebze fidanlar\u0131 da\u011f\u0131t\u0131l\u0131yor. Alanya Kaymakaml\u0131\u011f\u0131 &#8216;K\u0131rsal Alan\u0131 Kalk\u0131nd\u0131rma Projeleri&#8217; i\u00e7erisinde yer alan &#8216;K\u00f6ylerde Zeytin Yeti\u015ftiricili\u011fi Projesi&#8217; i\u00e7in start verdi. Proje kapsam\u0131nda bin \u00e7ift\u00e7iye 75&#8217;er zeytin fidan\u0131 da\u011f\u0131t\u0131lacak. Fidanlar\u0131n maliyetinin y\u00fczde 20&#8217;sinin \u00e7ift\u00e7ilerden tahsil edilecek. Geri kalan miktar\u0131 ise SYDV kar\u015f\u0131layacak. \u00c7ift\u00e7iler, da\u011f\u0131t\u0131lan fidanlar sayesinde \u00fcretim yaparak b\u00f6lge ekonomisine katk\u0131da bulunacak.<\/p>\n","protected":false},"excerpt":{"rendered":"<p>Antalya&#8217;n\u0131n Alanya il\u00e7esinde &#8216;K\u00f6ylerde Zeytin Yeti\u015ftiricili\u011fi Projesi&#8217; kapsam\u0131nda bin aileye 75&#8217;er adet zeytin fidan\u0131 da\u011f\u0131t\u0131lacak. Alanya b\u00f6lgesi b\u00f6ylece muzun yan\u0131 s\u0131ra zeytin kenti olarak an\u0131lacak. Alanya Kaymakaml\u0131\u011f\u0131 Sosyal Yard\u0131mla\u015fma ve&hellip;<\/p>\n","protected":false},"author":1,"featured_media":0,"comment_status":"open","ping_status":"open","sticky":false,"template":"","format":"standard","meta":{"footnotes":""},"categories":[2],"tags":[],"class_list":["post-1060","post","type-post","status-publish","format-standard","hentry","category-tarimgentr"],"_links":{"self":[{"href":"https:\/\/tarimhaber.com\/index.php?rest_route=\/wp\/v2\/posts\/1060","targetHints":{"allow":["GET"]}}],"collection":[{"href":"https:\/\/tarimhaber.com\/index.php?rest_route=\/wp\/v2\/posts"}],"about":[{"href":"https:\/\/tarimhaber.com\/index.php?rest_route=\/wp\/v2\/types\/post"}],"author":[{"embeddable":true,"href":"https:\/\/tarimhaber.com\/index.php?rest_route=\/wp\/v2\/users\/1"}],"replies":[{"embeddable":true,"href":"https:\/\/tarimhaber.com\/index.php?rest_route=%2Fwp%2Fv2%2Fcomments&post=1060"}],"version-history":[{"count":0,"href":"https:\/\/tarimhaber.com\/index.php?rest_route=\/wp\/v2\/posts\/1060\/revisions"}],"wp:attachment":[{"href":"https:\/\/tarimhaber.com\/index.php?rest_route=%2Fwp%2Fv2%2Fmedia&parent=1060"}],"wp:term":[{"taxonomy":"category","embeddable":true,"href":"https:\/\/tarimhaber.com\/index.php?rest_route=%2Fwp%2Fv2%2Fcategories&post=1060"},{"taxonomy":"post_tag","embeddable":true,"href":"https:\/\/tarimhaber.com\/index.php?rest_route=%2Fwp%2Fv2%2Ftags&post=1060"}],"curies":[{"name":"wp","href":"https:\/\/api.w.org\/{rel}","templated":true}]}}