{"id":1061,"date":"2009-03-12T07:30:20","date_gmt":"2009-03-12T07:30:20","guid":{"rendered":"http:\/\/tarimhaber.com\/?p=1061"},"modified":"2009-03-12T07:30:20","modified_gmt":"2009-03-12T07:30:20","slug":"turkiyenin-yukselen-degeri-marmarabirlik","status":"publish","type":"post","link":"https:\/\/tarimhaber.com\/?p=1061","title":{"rendered":"T\u00fcrkiye\u2019nin y\u00fckselen de\u011feri Marmarabirlik"},"content":{"rendered":"<p>2008\u2019in son \u00e7eyre\u011finde ortaya \u00e7\u0131kan ekonomik k\u00fcresel kriz pek \u00e7ok d\u00fcnya \u00fclkesiyle birlikte T\u00fcrkiye\u2019yi de etkisi alt\u0131na ald\u0131. \u00d6zellikle ihracatta ya\u015fanan kaos pek \u00e7ok olumsuzlu\u011fun da ba\u015flang\u0131\u00e7 noktas\u0131n\u0131 olu\u015fturdu. \u0130rili ufakl\u0131 pek \u00e7ok fabrika ya kapand\u0131 ya da \u00fcretime ara verdi. Ekonominin dibe vurdu\u011fu, i\u015fsizlik ve yoksullu\u011fun zirve yapt\u0131\u011f\u0131 bu kah\u0131r ortam\u0131nda, bir ka\u00e7 g\u00fcn \u00f6nce U\u0130B\u2019e ba\u011fl\u0131 \u0130hracat\u00e7\u0131 Birliklerinin \u015fubat ay\u0131 ihracat rakamlar\u0131nda, Ya\u015f Meyve ve Sebzede son iki ayda ger\u00e7ekle\u015fen 7,7 milyon dolarl\u0131k toplam ihracat\u0131n 3,3 milyon dolarl\u0131k pay\u0131n\u0131n (y\u00fczde 43,07\u2019si) zeytin ihracat\u0131ndan kaynaklanmas\u0131 ve 863 bin 938 ton olan bu ihracat\u0131n Marmarabirlik taraf\u0131ndan ger\u00e7ekle\u015ftirilmesi dikkat \u00e7ekici. Marmarabirlik\u2019in 2008\u2019in ilk iki ay\u0131nda 2,9 milyon dolar olan zeytin ihracat\u0131n\u0131n 2009\u2019un ilk iki ay\u0131nda 3,3 milyon dolara \u00e7\u0131kmas\u0131 ku\u015fkusuz sevindirici bir geli\u015fme. T\u00fcrkiye\u2019nin toplam ihracat\u0131nda ya\u015fanan b\u00fcy\u00fck d\u00fc\u015f\u00fc\u015fe kar\u015f\u0131n Marmarabirli\u011fin, mevcut olumsuzluklara ra\u011fmen son 4 ayl\u0131k d\u00f6nemde sofral\u0131k zeytin ihracat\u0131n\u0131 y\u00fczde 10 oran\u0131nda artt\u0131rarak, 6 milyon 200 bin dolar d\u00f6viz geliri sa\u011flamas\u0131 ve \u00fcreticisine y\u00f6nelik pozitif \u00e7al\u0131\u015fmalar\u0131 farkl\u0131 de\u011ferlendirilmeli.<\/p>\n","protected":false},"excerpt":{"rendered":"<p>2008\u2019in son \u00e7eyre\u011finde ortaya \u00e7\u0131kan ekonomik k\u00fcresel kriz pek \u00e7ok d\u00fcnya \u00fclkesiyle birlikte T\u00fcrkiye\u2019yi de etkisi alt\u0131na ald\u0131. \u00d6zellikle ihracatta ya\u015fanan kaos pek \u00e7ok olumsuzlu\u011fun da ba\u015flang\u0131\u00e7 noktas\u0131n\u0131 olu\u015fturdu. \u0130rili&hellip;<\/p>\n","protected":false},"author":1,"featured_media":0,"comment_status":"open","ping_status":"open","sticky":false,"template":"","format":"standard","meta":{"footnotes":""},"categories":[2],"tags":[973],"class_list":["post-1061","post","type-post","status-publish","format-standard","hentry","category-tarimgentr","tag-http-www-gazeteyenigun-com-tr"],"_links":{"self":[{"href":"https:\/\/tarimhaber.com\/index.php?rest_route=\/wp\/v2\/posts\/1061","targetHints":{"allow":["GET"]}}],"collection":[{"href":"https:\/\/tarimhaber.com\/index.php?rest_route=\/wp\/v2\/posts"}],"about":[{"href":"https:\/\/tarimhaber.com\/index.php?rest_route=\/wp\/v2\/types\/post"}],"author":[{"embeddable":true,"href":"https:\/\/tarimhaber.com\/index.php?rest_route=\/wp\/v2\/users\/1"}],"replies":[{"embeddable":true,"href":"https:\/\/tarimhaber.com\/index.php?rest_route=%2Fwp%2Fv2%2Fcomments&post=1061"}],"version-history":[{"count":0,"href":"https:\/\/tarimhaber.com\/index.php?rest_route=\/wp\/v2\/posts\/1061\/revisions"}],"wp:attachment":[{"href":"https:\/\/tarimhaber.com\/index.php?rest_route=%2Fwp%2Fv2%2Fmedia&parent=1061"}],"wp:term":[{"taxonomy":"category","embeddable":true,"href":"https:\/\/tarimhaber.com\/index.php?rest_route=%2Fwp%2Fv2%2Fcategories&post=1061"},{"taxonomy":"post_tag","embeddable":true,"href":"https:\/\/tarimhaber.com\/index.php?rest_route=%2Fwp%2Fv2%2Ftags&post=1061"}],"curies":[{"name":"wp","href":"https:\/\/api.w.org\/{rel}","templated":true}]}}