{"id":1070,"date":"2009-03-25T08:40:40","date_gmt":"2009-03-25T08:40:40","guid":{"rendered":"http:\/\/tarimhaber.com\/?p=1070"},"modified":"2009-03-25T08:40:40","modified_gmt":"2009-03-25T08:40:40","slug":"tarim-kredisinde-vadeler-uzadi","status":"publish","type":"post","link":"https:\/\/tarimhaber.com\/?p=1070","title":{"rendered":"Tar\u0131m kredisinde vadeler uzad\u0131"},"content":{"rendered":"<p>Ziraat Bankas\u0131&#8217;ndan kullan\u0131lan tar\u0131m kredilerinin vadesini uzatIld\u0131. \u0130\u015fletme kredilerinde vade 18 aydan 24 aya, yat\u0131r\u0131m kredilerinde de 5 y\u0131ldan 7 y\u0131la \u00e7\u0131kar\u0131ld\u0131.AK Parti Genel Ba\u015fkan\u0131 ve Ba\u015fbakan Recep Tayyip Erdo\u011fan, partisince Karaman&#8217;da d\u00fczenlenen mitingde \u00e7ift\u00e7ilere m\u00fcjde verdi. Ziraat Bankas\u0131ndan kullan\u0131lan tar\u0131m kredilerinin vadesini uzatt\u0131klar\u0131n\u0131 bildiren Erdo\u011fan, \u015funlar\u0131 s\u00f6yledi:<br \/>\n&#8220;Kulland\u0131r\u0131lan i\u015fletme kredilerinde vadeyi 18 aydan 24 aya \u00e7\u0131kard\u0131k. Yat\u0131r\u0131m kredilerinde vade 5 y\u0131ld\u0131. Bunu da son ald\u0131\u011f\u0131m\u0131z kararla 7 y\u0131la \u00e7\u0131kar\u0131yoruz. Hem kredi kullanm\u0131\u015f \u00e7ift\u00e7ilerimiz hem de yeni kredi kullanacak \u00e7ift\u00e7i karde\u015flerimiz \u00e7ok daha uzun vadeli ve esnek kredi imkanlar\u0131na b\u00f6ylece kavu\u015fuyorlar. Bunun da \u00e7ift\u00e7ilerimize, \u00fcreticilerimize, tar\u0131m sekt\u00f6r\u00fcm\u00fcze hay\u0131rl\u0131 olmas\u0131n\u0131 diliyorum.&#8221;<\/p>\n","protected":false},"excerpt":{"rendered":"<p>Ziraat Bankas\u0131&#8217;ndan kullan\u0131lan tar\u0131m kredilerinin vadesini uzatIld\u0131. \u0130\u015fletme kredilerinde vade 18 aydan 24 aya, yat\u0131r\u0131m kredilerinde de 5 y\u0131ldan 7 y\u0131la \u00e7\u0131kar\u0131ld\u0131.AK Parti Genel Ba\u015fkan\u0131 ve Ba\u015fbakan Recep Tayyip Erdo\u011fan,&hellip;<\/p>\n","protected":false},"author":1,"featured_media":0,"comment_status":"open","ping_status":"open","sticky":false,"template":"","format":"standard","meta":{"footnotes":""},"categories":[2],"tags":[],"class_list":["post-1070","post","type-post","status-publish","format-standard","hentry","category-tarimgentr"],"_links":{"self":[{"href":"https:\/\/tarimhaber.com\/index.php?rest_route=\/wp\/v2\/posts\/1070","targetHints":{"allow":["GET"]}}],"collection":[{"href":"https:\/\/tarimhaber.com\/index.php?rest_route=\/wp\/v2\/posts"}],"about":[{"href":"https:\/\/tarimhaber.com\/index.php?rest_route=\/wp\/v2\/types\/post"}],"author":[{"embeddable":true,"href":"https:\/\/tarimhaber.com\/index.php?rest_route=\/wp\/v2\/users\/1"}],"replies":[{"embeddable":true,"href":"https:\/\/tarimhaber.com\/index.php?rest_route=%2Fwp%2Fv2%2Fcomments&post=1070"}],"version-history":[{"count":0,"href":"https:\/\/tarimhaber.com\/index.php?rest_route=\/wp\/v2\/posts\/1070\/revisions"}],"wp:attachment":[{"href":"https:\/\/tarimhaber.com\/index.php?rest_route=%2Fwp%2Fv2%2Fmedia&parent=1070"}],"wp:term":[{"taxonomy":"category","embeddable":true,"href":"https:\/\/tarimhaber.com\/index.php?rest_route=%2Fwp%2Fv2%2Fcategories&post=1070"},{"taxonomy":"post_tag","embeddable":true,"href":"https:\/\/tarimhaber.com\/index.php?rest_route=%2Fwp%2Fv2%2Ftags&post=1070"}],"curies":[{"name":"wp","href":"https:\/\/api.w.org\/{rel}","templated":true}]}}