{"id":1072,"date":"2009-03-26T09:33:11","date_gmt":"2009-03-26T09:33:11","guid":{"rendered":"http:\/\/tarimhaber.com\/?p=1072"},"modified":"2009-03-26T09:33:11","modified_gmt":"2009-03-26T09:33:11","slug":"izmirde-organik-tarim-atagi","status":"publish","type":"post","link":"https:\/\/tarimhaber.com\/?p=1072","title":{"rendered":"\u0130zmir&#8217;de organik tar\u0131m ata\u011f\u0131"},"content":{"rendered":"<p>\u0130zmir Tar\u0131m \u0130l M\u00fcd\u00fcr Yard\u0131mc\u0131s\u0131 Ahmet Ye\u015filli, \u0130zmir&#8217;in organik tar\u0131m \u00fcretim ve ihracat\u0131nda \u00f6nc\u00fc oldu\u011funu belirterek, &#8221;Kentin organik \u00fcr\u00fcnlerin i\u00e7 t\u00fcketimde de hak etti\u011fi yere ula\u015fabilmesi i\u00e7in 3 metropol il\u00e7ede organik a\u00e7\u0131k semt pazarlar\u0131 kurma hususunda \u00e7al\u0131\u015fmalar\u0131m\u0131z var&#8221; dedi.<br \/>\nYe\u015filli, AA muhabirine yapt\u0131\u011f\u0131 a\u00e7\u0131klamada, T\u00fcrkiye&#8217;de organik \u00fcr\u00fcn pazar\u0131n\u0131n geli\u015fme g\u00f6sterdi\u011fini ancak organik \u00fcr\u00fcnlerin pazar\u0131n\u0131n i\u00e7 t\u00fcketimdeki pay\u0131n\u0131n \u00e7ok d\u00fc\u015f\u00fck oldu\u011funu s\u00f6yledi.<\/p>\n","protected":false},"excerpt":{"rendered":"<p>\u0130zmir Tar\u0131m \u0130l M\u00fcd\u00fcr Yard\u0131mc\u0131s\u0131 Ahmet Ye\u015filli, \u0130zmir&#8217;in organik tar\u0131m \u00fcretim ve ihracat\u0131nda \u00f6nc\u00fc oldu\u011funu belirterek, &#8221;Kentin organik \u00fcr\u00fcnlerin i\u00e7 t\u00fcketimde de hak etti\u011fi yere ula\u015fabilmesi i\u00e7in 3 metropol il\u00e7ede&hellip;<\/p>\n","protected":false},"author":1,"featured_media":0,"comment_status":"open","ping_status":"open","sticky":false,"template":"","format":"standard","meta":{"footnotes":""},"categories":[2],"tags":[],"class_list":["post-1072","post","type-post","status-publish","format-standard","hentry","category-tarimgentr"],"_links":{"self":[{"href":"https:\/\/tarimhaber.com\/index.php?rest_route=\/wp\/v2\/posts\/1072","targetHints":{"allow":["GET"]}}],"collection":[{"href":"https:\/\/tarimhaber.com\/index.php?rest_route=\/wp\/v2\/posts"}],"about":[{"href":"https:\/\/tarimhaber.com\/index.php?rest_route=\/wp\/v2\/types\/post"}],"author":[{"embeddable":true,"href":"https:\/\/tarimhaber.com\/index.php?rest_route=\/wp\/v2\/users\/1"}],"replies":[{"embeddable":true,"href":"https:\/\/tarimhaber.com\/index.php?rest_route=%2Fwp%2Fv2%2Fcomments&post=1072"}],"version-history":[{"count":0,"href":"https:\/\/tarimhaber.com\/index.php?rest_route=\/wp\/v2\/posts\/1072\/revisions"}],"wp:attachment":[{"href":"https:\/\/tarimhaber.com\/index.php?rest_route=%2Fwp%2Fv2%2Fmedia&parent=1072"}],"wp:term":[{"taxonomy":"category","embeddable":true,"href":"https:\/\/tarimhaber.com\/index.php?rest_route=%2Fwp%2Fv2%2Fcategories&post=1072"},{"taxonomy":"post_tag","embeddable":true,"href":"https:\/\/tarimhaber.com\/index.php?rest_route=%2Fwp%2Fv2%2Ftags&post=1072"}],"curies":[{"name":"wp","href":"https:\/\/api.w.org\/{rel}","templated":true}]}}