{"id":1079,"date":"2009-04-01T06:33:52","date_gmt":"2009-04-01T06:33:52","guid":{"rendered":"http:\/\/tarimhaber.com\/?p=1079"},"modified":"2009-04-01T06:33:52","modified_gmt":"2009-04-01T06:33:52","slug":"ciftci-aihm-yolunda","status":"publish","type":"post","link":"https:\/\/tarimhaber.com\/?p=1079","title":{"rendered":"\u00c7ift\u00e7i A\u0130HM yolunda"},"content":{"rendered":"<p>Sendikas\u0131 kapat\u0131lan \u00e7ift\u00e7i hakk\u0131n\u0131 art\u0131k Avrupa \u0130nsan Haklar\u0131 Mahkemesi&#8217;nde (A\u0130HM) ar\u0131yor. Ankara 8 No&#8217;lu \u0130\u015f Mahkemesi&#8217;nin 5 \u015eubat 2009 tarihinde, \u00c7ift\u00e7i-Sendikas\u0131&#8217;n\u0131n kapat\u0131lmas\u0131 y\u00f6n\u00fcnde ald\u0131\u011f\u0131 karar, \u00fcreticileri harekete ge\u00e7irdi. Kapat\u0131lman\u0131n hukuka ayk\u0131r\u0131 oldu\u011funu savunan \u00c7ift\u00e7i-Sen Ba\u015fkan\u0131 Abdullah Aysu, haklar\u0131n\u0131 aramak i\u00e7in A\u0130HM&#8217;ye ba\u015fvuracaklar\u0131n\u0131 s\u00f6yledi. T\u00fcrkiye&#8217;nin, taraf oldu\u011fu uluslararas\u0131 anla\u015fmalara ayk\u0131r\u0131 davrand\u0131\u011f\u0131n\u0131 vurgulayan Aysu, &#8220;\u00dcye olmak i\u00e7in canla ba\u015fla \u00e7al\u0131\u015f\u0131lan AB&#8217;de 100 ya\u015f\u0131ndan b\u00fcy\u00fck \u00e7ift\u00e7i sendikalar\u0131 var. T\u00fcrkiye&#8217;de al\u0131nan bu karar, hukuki bir skandal oldu\u011fu kadar, siyasi bir tav\u0131rd\u0131r. \u00c7ift\u00e7iye &#8216;Anan\u0131 da al git&#8217; diyen zihniyetin devam\u0131d\u0131r&#8221; dedi.<\/p>\n","protected":false},"excerpt":{"rendered":"<p>Sendikas\u0131 kapat\u0131lan \u00e7ift\u00e7i hakk\u0131n\u0131 art\u0131k Avrupa \u0130nsan Haklar\u0131 Mahkemesi&#8217;nde (A\u0130HM) ar\u0131yor. Ankara 8 No&#8217;lu \u0130\u015f Mahkemesi&#8217;nin 5 \u015eubat 2009 tarihinde, \u00c7ift\u00e7i-Sendikas\u0131&#8217;n\u0131n kapat\u0131lmas\u0131 y\u00f6n\u00fcnde ald\u0131\u011f\u0131 karar, \u00fcreticileri harekete ge\u00e7irdi. Kapat\u0131lman\u0131n hukuka&hellip;<\/p>\n","protected":false},"author":1,"featured_media":0,"comment_status":"open","ping_status":"open","sticky":false,"template":"","format":"standard","meta":{"footnotes":""},"categories":[2],"tags":[],"class_list":["post-1079","post","type-post","status-publish","format-standard","hentry","category-tarimgentr"],"_links":{"self":[{"href":"https:\/\/tarimhaber.com\/index.php?rest_route=\/wp\/v2\/posts\/1079","targetHints":{"allow":["GET"]}}],"collection":[{"href":"https:\/\/tarimhaber.com\/index.php?rest_route=\/wp\/v2\/posts"}],"about":[{"href":"https:\/\/tarimhaber.com\/index.php?rest_route=\/wp\/v2\/types\/post"}],"author":[{"embeddable":true,"href":"https:\/\/tarimhaber.com\/index.php?rest_route=\/wp\/v2\/users\/1"}],"replies":[{"embeddable":true,"href":"https:\/\/tarimhaber.com\/index.php?rest_route=%2Fwp%2Fv2%2Fcomments&post=1079"}],"version-history":[{"count":0,"href":"https:\/\/tarimhaber.com\/index.php?rest_route=\/wp\/v2\/posts\/1079\/revisions"}],"wp:attachment":[{"href":"https:\/\/tarimhaber.com\/index.php?rest_route=%2Fwp%2Fv2%2Fmedia&parent=1079"}],"wp:term":[{"taxonomy":"category","embeddable":true,"href":"https:\/\/tarimhaber.com\/index.php?rest_route=%2Fwp%2Fv2%2Fcategories&post=1079"},{"taxonomy":"post_tag","embeddable":true,"href":"https:\/\/tarimhaber.com\/index.php?rest_route=%2Fwp%2Fv2%2Ftags&post=1079"}],"curies":[{"name":"wp","href":"https:\/\/api.w.org\/{rel}","templated":true}]}}