{"id":1087,"date":"2009-04-06T11:07:53","date_gmt":"2009-04-06T11:07:53","guid":{"rendered":"http:\/\/tarimhaber.com\/?p=1087"},"modified":"2009-04-06T11:07:53","modified_gmt":"2009-04-06T11:07:53","slug":"tarim-politikalari-gozden-gecirilmeli","status":"publish","type":"post","link":"https:\/\/tarimhaber.com\/?p=1087","title":{"rendered":"Tar\u0131m politikalar\u0131 g\u00f6zden ge\u00e7irilmeli"},"content":{"rendered":"<p>T\u00fcrk Sanayici ve \u0130\u015fadamlar\u0131 Derne\u011fi (T\u00dcS\u0130AD) Y\u00f6netim Kurulu \u00dcyesi Mehmet Ali Molay, T\u00fcrkiye&#8217;nin geli\u015fmi\u015f ve geli\u015fmekte olan bir\u00e7ok \u00fclke gibi tar\u0131m politikas\u0131n\u0131 yeniden g\u00f6zden ge\u00e7irmek zorunda oldu\u011funu s\u00f6yledi.<br \/>\nT\u00dcS\u0130AD, 7 May\u0131s 2008 tarihinde kamuoyuna sundu\u011fu &#8220;T\u00fcrkiye&#8217;de Tar\u0131m ve G\u0131da: Geli\u015fmeler, Politikalar, \u00d6neriler&#8221; ba\u015fl\u0131kl\u0131 raporu konuyla ilgili payda\u015flarla \u00e7al\u0131\u015fmak amac\u0131yla ilk b\u00f6lgesel toplant\u0131s\u0131n\u0131 \u0130zmir&#8217;de ger\u00e7ekle\u015ftirdi. T\u00dcS\u0130AD ve Bat\u0131 Anadolu Sanayici ve \u0130\u015fadamlar\u0131 Dernekleri Federasyonu (BAS\u0130FED) i\u015fbirli\u011finde cuma g\u00fcn\u00fc Ege B\u00f6lgesi Sanayi Odas\u0131&#8217;nda (EBSO) d\u00fczenlenen toplant\u0131da T\u00fcrkiye&#8217;de ve d\u00fcnyada tar\u0131m, g\u0131da fiyatlar\u0131ndaki art\u0131\u015flar\u0131n nedenleri, bu alanda uygulanacak politikalar ele al\u0131nd\u0131. A\u00e7\u0131l\u0131\u015f konu\u015fmas\u0131n\u0131 yapan T\u00dcS\u0130AD Y\u00f6netim Kurulu \u00dcyesi Mehmet Ali Molay, tar\u0131m\u0131n \u00fclke ekonomisi i\u00e7in hayati de\u011fer ta\u015f\u0131d\u0131\u011f\u0131n\u0131 belirterek, tar\u0131m sekt\u00f6r\u00fcn\u00fc kilit sekt\u00f6r olarak nitelendirdi.<\/p>\n","protected":false},"excerpt":{"rendered":"<p>T\u00fcrk Sanayici ve \u0130\u015fadamlar\u0131 Derne\u011fi (T\u00dcS\u0130AD) Y\u00f6netim Kurulu \u00dcyesi Mehmet Ali Molay, T\u00fcrkiye&#8217;nin geli\u015fmi\u015f ve geli\u015fmekte olan bir\u00e7ok \u00fclke gibi tar\u0131m politikas\u0131n\u0131 yeniden g\u00f6zden ge\u00e7irmek zorunda oldu\u011funu s\u00f6yledi. T\u00dcS\u0130AD, 7&hellip;<\/p>\n","protected":false},"author":1,"featured_media":0,"comment_status":"open","ping_status":"open","sticky":false,"template":"","format":"standard","meta":{"footnotes":""},"categories":[2],"tags":[],"class_list":["post-1087","post","type-post","status-publish","format-standard","hentry","category-tarimgentr"],"_links":{"self":[{"href":"https:\/\/tarimhaber.com\/index.php?rest_route=\/wp\/v2\/posts\/1087","targetHints":{"allow":["GET"]}}],"collection":[{"href":"https:\/\/tarimhaber.com\/index.php?rest_route=\/wp\/v2\/posts"}],"about":[{"href":"https:\/\/tarimhaber.com\/index.php?rest_route=\/wp\/v2\/types\/post"}],"author":[{"embeddable":true,"href":"https:\/\/tarimhaber.com\/index.php?rest_route=\/wp\/v2\/users\/1"}],"replies":[{"embeddable":true,"href":"https:\/\/tarimhaber.com\/index.php?rest_route=%2Fwp%2Fv2%2Fcomments&post=1087"}],"version-history":[{"count":0,"href":"https:\/\/tarimhaber.com\/index.php?rest_route=\/wp\/v2\/posts\/1087\/revisions"}],"wp:attachment":[{"href":"https:\/\/tarimhaber.com\/index.php?rest_route=%2Fwp%2Fv2%2Fmedia&parent=1087"}],"wp:term":[{"taxonomy":"category","embeddable":true,"href":"https:\/\/tarimhaber.com\/index.php?rest_route=%2Fwp%2Fv2%2Fcategories&post=1087"},{"taxonomy":"post_tag","embeddable":true,"href":"https:\/\/tarimhaber.com\/index.php?rest_route=%2Fwp%2Fv2%2Ftags&post=1087"}],"curies":[{"name":"wp","href":"https:\/\/api.w.org\/{rel}","templated":true}]}}