{"id":1099,"date":"2009-04-22T07:46:59","date_gmt":"2009-04-22T07:46:59","guid":{"rendered":"http:\/\/tarimhaber.com\/?p=1099"},"modified":"2009-04-22T07:46:59","modified_gmt":"2009-04-22T07:46:59","slug":"yagislar-ciftcinin-yuzunu-gulduruyor","status":"publish","type":"post","link":"https:\/\/tarimhaber.com\/?p=1099","title":{"rendered":"Ya\u011f\u0131\u015flar \u00e7ift\u00e7inin y\u00fcz\u00fcn\u00fc g\u00fcld\u00fcr\u00fcyor.."},"content":{"rendered":"<p>\u0130ki y\u0131ld\u0131r kurakl\u0131\u011f\u0131n etkisi ile ciddi sorunlarla kar\u015f\u0131 kar\u015f\u0131ya kalan tar\u0131mda, 2009\u2019un ilk verileri olumlu. Krizden etkilenenler tar\u0131ma s\u0131\u011f\u0131n\u0131yor<br \/>\nK\u00fcresel ekonomik kriz, T\u00fcrkiye\u2019deki bir\u00e7ok sekt\u00f6r\u00fc derinden etkiliyor. A\u00e7\u0131klanan rakamlar hi\u00e7 de i\u00e7 a\u00e7\u0131c\u0131 de\u011fil. Her g\u00fcn bir\u00e7ok sanayi kurulu\u015funun kapand\u0131\u011f\u0131 haberleri geliyor. Kapasite kullan\u0131m oran\u0131 h\u0131zla d\u00fc\u015f\u00fcyor. Her ay a\u00e7\u0131klanan i\u015fsizlik rakamlar\u0131, bir \u00f6nceki ay\u0131 arat\u0131yor. Ancak, b\u00f6yle bir ortamda tar\u0131m sekt\u00f6r\u00fcnden gelen veriler herkese moral oluyor. \u00c7\u00fcnk\u00fc bir\u00e7ok sorun ve engel olmas\u0131na ra\u011fmen tar\u0131m sekt\u00f6r\u00fcnde \u00fcretim, istihdam ve ihracat art\u0131yor. Son iki y\u0131ld\u0131r kurakl\u0131\u011f\u0131n etkisiyle ciddi sorunlar ya\u015fayan sekt\u00f6rde, bu y\u0131l\u0131n ilk aylar\u0131nda olumlu sinyaller gelmeye ba\u015flad\u0131. Bu\u011fday \u00fcretiminin bu y\u0131l 17 milyon tondan en az 20 milyon tona, arpa \u00fcretiminin 6 milyon tondan 7 milyon tona \u00e7\u0131kmas\u0131 bekleniyor. Ay\u00e7i\u00e7e\u011fi, m\u0131s\u0131r, \u00e7eltik, bakliyat\u0131n yan\u0131 s\u0131ra ya\u015f sebze ve meyve \u00fcretiminde de ciddi art\u0131\u015f \u00f6ng\u00f6r\u00fcl\u00fcyor. Destekleme primleri \u00f6nceden a\u00e7\u0131klanm\u0131\u015f olmas\u0131na ra\u011fmen, \u00e7ift\u00e7i pamuk yerine di\u011fer \u00fcr\u00fcnleri ekiyor. Ancak tar\u0131mdaki olumlu tabloyu artan girdi fiyatlar\u0131 g\u00f6lgeliyor. Mazot, g\u00fcbre, enerji, ila\u00e7 ve tohum gibi tar\u0131msal girdilere gelen y\u0131ll\u0131k y\u00fczde 50 ila y\u00fczde 100 zam, sekt\u00f6r\u00fcn en b\u00fcy\u00fck sorunu olarak dikkat \u00e7ekiyor. Sekt\u00f6r temsilcileri, girdiler \u00fczerindeki vergilerin d\u00fc\u015f\u00fcr\u00fclmesi ve desteklerin zaman\u0131nda \u00f6denmesi halinde hem \u00fcretimin hem de ihracat\u0131n artaca\u011f\u0131na dikkat \u00e7ekiyorlar.<\/p>\n","protected":false},"excerpt":{"rendered":"<p>\u0130ki y\u0131ld\u0131r kurakl\u0131\u011f\u0131n etkisi ile ciddi sorunlarla kar\u015f\u0131 kar\u015f\u0131ya kalan tar\u0131mda, 2009\u2019un ilk verileri olumlu. Krizden etkilenenler tar\u0131ma s\u0131\u011f\u0131n\u0131yor K\u00fcresel ekonomik kriz, T\u00fcrkiye\u2019deki bir\u00e7ok sekt\u00f6r\u00fc derinden etkiliyor. A\u00e7\u0131klanan rakamlar hi\u00e7&hellip;<\/p>\n","protected":false},"author":1,"featured_media":0,"comment_status":"open","ping_status":"open","sticky":false,"template":"","format":"standard","meta":{"footnotes":""},"categories":[2],"tags":[839],"class_list":["post-1099","post","type-post","status-publish","format-standard","hentry","category-tarimgentr","tag-http-www-dunyagazetesi-com-tr"],"_links":{"self":[{"href":"https:\/\/tarimhaber.com\/index.php?rest_route=\/wp\/v2\/posts\/1099","targetHints":{"allow":["GET"]}}],"collection":[{"href":"https:\/\/tarimhaber.com\/index.php?rest_route=\/wp\/v2\/posts"}],"about":[{"href":"https:\/\/tarimhaber.com\/index.php?rest_route=\/wp\/v2\/types\/post"}],"author":[{"embeddable":true,"href":"https:\/\/tarimhaber.com\/index.php?rest_route=\/wp\/v2\/users\/1"}],"replies":[{"embeddable":true,"href":"https:\/\/tarimhaber.com\/index.php?rest_route=%2Fwp%2Fv2%2Fcomments&post=1099"}],"version-history":[{"count":0,"href":"https:\/\/tarimhaber.com\/index.php?rest_route=\/wp\/v2\/posts\/1099\/revisions"}],"wp:attachment":[{"href":"https:\/\/tarimhaber.com\/index.php?rest_route=%2Fwp%2Fv2%2Fmedia&parent=1099"}],"wp:term":[{"taxonomy":"category","embeddable":true,"href":"https:\/\/tarimhaber.com\/index.php?rest_route=%2Fwp%2Fv2%2Fcategories&post=1099"},{"taxonomy":"post_tag","embeddable":true,"href":"https:\/\/tarimhaber.com\/index.php?rest_route=%2Fwp%2Fv2%2Ftags&post=1099"}],"curies":[{"name":"wp","href":"https:\/\/api.w.org\/{rel}","templated":true}]}}