{"id":1130,"date":"2009-06-01T08:19:49","date_gmt":"2009-06-01T08:19:49","guid":{"rendered":"http:\/\/tarimhaber.com\/?p=1130"},"modified":"2009-06-01T08:19:49","modified_gmt":"2009-06-01T08:19:49","slug":"abye-uyum-icin-tarimsal-destekler-ve-kredilerde-kisintiya-gidilecek","status":"publish","type":"post","link":"https:\/\/tarimhaber.com\/?p=1130","title":{"rendered":"AB\u2019ye uyum i\u00e7in tar\u0131msal destekler ve kredilerde k\u0131s\u0131nt\u0131ya gidilecek"},"content":{"rendered":"<p>Tar\u0131msal devlet yard\u0131mlar\u0131 a\u00e7\u0131s\u0131ndan \u00e7ok ba\u015fl\u0131 ve \u201ckarma\u015f\u0131k\u201d bir yap\u0131ya sahip olan T\u00fcrkiye\u2019nin, AB\u2019ye uyum s\u00fcrecinde atmas\u0131 gereken ad\u0131mlar Devlet Planlama Te\u015fkilat\u0131 taraf\u0131ndan yay\u0131mlanan uzmanl\u0131k teziyle ortaya konuldu. T\u00fcrkiye\u2019nin tar\u0131msal destek alan\u0131nda AB\u2019ye uyumu sa\u011flamak i\u00e7in tar\u0131msal transfer \u00f6demelerini tamamen kald\u0131rmas\u0131 gerekti\u011fine dikkat \u00e7ekilen tezde, AB\u2019ye uyum \u00e7er\u00e7evesinde Ziraat Bankas\u0131\u2019n\u0131n tar\u0131m kesimine sa\u011flad\u0131\u011f\u0131 avantajl\u0131 kredilere son vermesi gerekti\u011fi vurguland\u0131. T\u00fcrkiye\u2019nin tar\u0131msal destekler a\u00e7\u0131s\u0131ndan AB\u2019ye uyum sa\u011flamas\u0131 i\u00e7in tar\u0131m sigortas\u0131 ve do\u011fal afet desteklerine ayar \u00e7ekmesi gerekti\u011finin dile getirildi\u011fi tezde, k\u0131rsal kalk\u0131nma yard\u0131mlar\u0131nda mevzuat de\u011fi\u015fikli\u011fine duyulan ihtiyac\u0131n alt\u0131 \u00e7izildi. AB\u2019ye uyum s\u00fcrecinde tar\u0131msal desteklerdeki da\u011f\u0131n\u0131kl\u0131\u011f\u0131 gidermek ve \u00e7ok ba\u015fl\u0131l\u0131\u011f\u0131 gidermek zorunda olan T\u00fcrkiye\u2019nin, ev \u00f6devlerinden birini de devlet yard\u0131mlar\u0131 otoritesine, tar\u0131msal desteklerin de ba\u011flanmas\u0131 olu\u015fturacak.<\/p>\n","protected":false},"excerpt":{"rendered":"<p>Tar\u0131msal devlet yard\u0131mlar\u0131 a\u00e7\u0131s\u0131ndan \u00e7ok ba\u015fl\u0131 ve \u201ckarma\u015f\u0131k\u201d bir yap\u0131ya sahip olan T\u00fcrkiye\u2019nin, AB\u2019ye uyum s\u00fcrecinde atmas\u0131 gereken ad\u0131mlar Devlet Planlama Te\u015fkilat\u0131 taraf\u0131ndan yay\u0131mlanan uzmanl\u0131k teziyle ortaya konuldu. T\u00fcrkiye\u2019nin tar\u0131msal&hellip;<\/p>\n","protected":false},"author":1,"featured_media":0,"comment_status":"open","ping_status":"open","sticky":false,"template":"","format":"standard","meta":{"footnotes":""},"categories":[2],"tags":[2699],"class_list":["post-1130","post","type-post","status-publish","format-standard","hentry","category-tarimgentr","tag-http-www-milliyet-com-tr"],"_links":{"self":[{"href":"https:\/\/tarimhaber.com\/index.php?rest_route=\/wp\/v2\/posts\/1130","targetHints":{"allow":["GET"]}}],"collection":[{"href":"https:\/\/tarimhaber.com\/index.php?rest_route=\/wp\/v2\/posts"}],"about":[{"href":"https:\/\/tarimhaber.com\/index.php?rest_route=\/wp\/v2\/types\/post"}],"author":[{"embeddable":true,"href":"https:\/\/tarimhaber.com\/index.php?rest_route=\/wp\/v2\/users\/1"}],"replies":[{"embeddable":true,"href":"https:\/\/tarimhaber.com\/index.php?rest_route=%2Fwp%2Fv2%2Fcomments&post=1130"}],"version-history":[{"count":0,"href":"https:\/\/tarimhaber.com\/index.php?rest_route=\/wp\/v2\/posts\/1130\/revisions"}],"wp:attachment":[{"href":"https:\/\/tarimhaber.com\/index.php?rest_route=%2Fwp%2Fv2%2Fmedia&parent=1130"}],"wp:term":[{"taxonomy":"category","embeddable":true,"href":"https:\/\/tarimhaber.com\/index.php?rest_route=%2Fwp%2Fv2%2Fcategories&post=1130"},{"taxonomy":"post_tag","embeddable":true,"href":"https:\/\/tarimhaber.com\/index.php?rest_route=%2Fwp%2Fv2%2Ftags&post=1130"}],"curies":[{"name":"wp","href":"https:\/\/api.w.org\/{rel}","templated":true}]}}