{"id":1131,"date":"2009-06-01T08:22:35","date_gmt":"2009-06-01T08:22:35","guid":{"rendered":"http:\/\/tarimhaber.com\/?p=1131"},"modified":"2009-06-01T08:22:35","modified_gmt":"2009-06-01T08:22:35","slug":"ekonomi-koordinasyon-kurulu-ekk-devlet-bakani-ali-babacan-baskanliginda-toplandi-gundemde-tarims","status":"publish","type":"post","link":"https:\/\/tarimhaber.com\/?p=1131","title":{"rendered":"Ekonomi Koordinasyon Kurulu (EKK), Devlet Bakan\u0131 Ali Babacan ba\u015fkanl\u0131\u011f\u0131nda topland\u0131. G\u00fcndemde tar\u0131ms"},"content":{"rendered":"<p>Ba\u015fbakanl\u0131k Merkez Bina&#8217;daki toplant\u0131ya, Devlet Bakan\u0131 Cevdet Y\u0131lmaz, Maliye Bakan\u0131 Mehmet \u015eim\u015fek, Sanayi ve Ticaret Bakan\u0131 Nihat Erg\u00fcn, tar\u0131m ve K\u00f6yi\u015fleri Bakan\u0131 Mehdi Eker ile ilgili kurumlar\u0131n \u00fcst d\u00fczey y\u00f6neticileri kat\u0131l\u0131yor.<br \/>\nToplant\u0131da, tar\u0131msal desteklemeye ili\u015fkin hususlar\u0131n de\u011ferlendirilece\u011fi, bunun yan\u0131 s\u0131ra ekonomide talep ve \u00fcretimin desteklenmesi amac\u0131yla uygulanan tedbirlerin sonu\u00e7lar\u0131n\u0131n g\u00f6zden ge\u00e7irilece\u011fi belirtildi.<br \/>\nG\u00fcndemde ayr\u0131ca ekonomide talep ve \u00fcretimin desteklenmesi amac\u0131 ile uygulanan tedbirlerin sonu\u00e7lar\u0131n\u0131n g\u00f6zden ge\u00e7irilmesi de var.<\/p>\n","protected":false},"excerpt":{"rendered":"<p>Ba\u015fbakanl\u0131k Merkez Bina&#8217;daki toplant\u0131ya, Devlet Bakan\u0131 Cevdet Y\u0131lmaz, Maliye Bakan\u0131 Mehmet \u015eim\u015fek, Sanayi ve Ticaret Bakan\u0131 Nihat Erg\u00fcn, tar\u0131m ve K\u00f6yi\u015fleri Bakan\u0131 Mehdi Eker ile ilgili kurumlar\u0131n \u00fcst d\u00fczey y\u00f6neticileri&hellip;<\/p>\n","protected":false},"author":1,"featured_media":0,"comment_status":"open","ping_status":"open","sticky":false,"template":"","format":"standard","meta":{"footnotes":""},"categories":[2],"tags":[720],"class_list":["post-1131","post","type-post","status-publish","format-standard","hentry","category-tarimgentr","tag-http-www-cnnturk-com"],"_links":{"self":[{"href":"https:\/\/tarimhaber.com\/index.php?rest_route=\/wp\/v2\/posts\/1131","targetHints":{"allow":["GET"]}}],"collection":[{"href":"https:\/\/tarimhaber.com\/index.php?rest_route=\/wp\/v2\/posts"}],"about":[{"href":"https:\/\/tarimhaber.com\/index.php?rest_route=\/wp\/v2\/types\/post"}],"author":[{"embeddable":true,"href":"https:\/\/tarimhaber.com\/index.php?rest_route=\/wp\/v2\/users\/1"}],"replies":[{"embeddable":true,"href":"https:\/\/tarimhaber.com\/index.php?rest_route=%2Fwp%2Fv2%2Fcomments&post=1131"}],"version-history":[{"count":0,"href":"https:\/\/tarimhaber.com\/index.php?rest_route=\/wp\/v2\/posts\/1131\/revisions"}],"wp:attachment":[{"href":"https:\/\/tarimhaber.com\/index.php?rest_route=%2Fwp%2Fv2%2Fmedia&parent=1131"}],"wp:term":[{"taxonomy":"category","embeddable":true,"href":"https:\/\/tarimhaber.com\/index.php?rest_route=%2Fwp%2Fv2%2Fcategories&post=1131"},{"taxonomy":"post_tag","embeddable":true,"href":"https:\/\/tarimhaber.com\/index.php?rest_route=%2Fwp%2Fv2%2Ftags&post=1131"}],"curies":[{"name":"wp","href":"https:\/\/api.w.org\/{rel}","templated":true}]}}