{"id":1134,"date":"2009-06-01T16:16:15","date_gmt":"2009-06-01T16:16:15","guid":{"rendered":"http:\/\/tarimhaber.com\/?p=1134"},"modified":"2009-06-01T16:16:15","modified_gmt":"2009-06-01T16:16:15","slug":"cicek-tarim-ve-gida-bakanligi-kuruluyor","status":"publish","type":"post","link":"https:\/\/tarimhaber.com\/?p=1134","title":{"rendered":"\u00c7i\u00e7ek: Tar\u0131m ve G\u0131da Bakanl\u0131\u011f\u0131 kuruluyor"},"content":{"rendered":"<p>H\u00fck\u00fcmet S\u00f6zc\u00fcs\u00fc, Devlet Bakan\u0131 ve Ba\u015fbakan Yard\u0131mc\u0131s\u0131 Cemil \u00c7i\u00e7ek, Tar\u0131m ve K\u00f6yi\u015fleri Bakanl\u0131\u011f\u0131n\u0131n ad\u0131n\u0131n Tar\u0131m ve G\u0131da Bakanl\u0131\u011f\u0131 \u015feklinde de\u011fi\u015ftirilece\u011fini belirterek, haz\u0131rlad\u0131klar\u0131 kanun tasar\u0131s\u0131n\u0131n sadece isim de\u011fi\u015fikli\u011fi getirmedi\u011fini, statik bir bakanl\u0131k yerine daha dinamik bir Tar\u0131m ve G\u0131da Bakanl\u0131\u011f\u0131n\u0131n kurulmas\u0131n\u0131n ama\u00e7land\u0131\u011f\u0131n\u0131 bildirdi.<br \/>\n\u00c7i\u00e7ek, kat irtifak\u0131 tesis edilmi\u015f yap\u0131lar i\u00e7in gerekli evraklar\u0131n tamamlanmas\u0131 durumunda &#8221;resen kat m\u00fclkiyetine ge\u00e7ilme imkan\u0131n\u0131n&#8221; da getirilece\u011fini belirtti.<\/p>\n","protected":false},"excerpt":{"rendered":"<p>H\u00fck\u00fcmet S\u00f6zc\u00fcs\u00fc, Devlet Bakan\u0131 ve Ba\u015fbakan Yard\u0131mc\u0131s\u0131 Cemil \u00c7i\u00e7ek, Tar\u0131m ve K\u00f6yi\u015fleri Bakanl\u0131\u011f\u0131n\u0131n ad\u0131n\u0131n Tar\u0131m ve G\u0131da Bakanl\u0131\u011f\u0131 \u015feklinde de\u011fi\u015ftirilece\u011fini belirterek, haz\u0131rlad\u0131klar\u0131 kanun tasar\u0131s\u0131n\u0131n sadece isim de\u011fi\u015fikli\u011fi getirmedi\u011fini, statik bir&hellip;<\/p>\n","protected":false},"author":1,"featured_media":0,"comment_status":"open","ping_status":"open","sticky":false,"template":"","format":"standard","meta":{"footnotes":""},"categories":[2],"tags":[],"class_list":["post-1134","post","type-post","status-publish","format-standard","hentry","category-tarimgentr"],"_links":{"self":[{"href":"https:\/\/tarimhaber.com\/index.php?rest_route=\/wp\/v2\/posts\/1134","targetHints":{"allow":["GET"]}}],"collection":[{"href":"https:\/\/tarimhaber.com\/index.php?rest_route=\/wp\/v2\/posts"}],"about":[{"href":"https:\/\/tarimhaber.com\/index.php?rest_route=\/wp\/v2\/types\/post"}],"author":[{"embeddable":true,"href":"https:\/\/tarimhaber.com\/index.php?rest_route=\/wp\/v2\/users\/1"}],"replies":[{"embeddable":true,"href":"https:\/\/tarimhaber.com\/index.php?rest_route=%2Fwp%2Fv2%2Fcomments&post=1134"}],"version-history":[{"count":0,"href":"https:\/\/tarimhaber.com\/index.php?rest_route=\/wp\/v2\/posts\/1134\/revisions"}],"wp:attachment":[{"href":"https:\/\/tarimhaber.com\/index.php?rest_route=%2Fwp%2Fv2%2Fmedia&parent=1134"}],"wp:term":[{"taxonomy":"category","embeddable":true,"href":"https:\/\/tarimhaber.com\/index.php?rest_route=%2Fwp%2Fv2%2Fcategories&post=1134"},{"taxonomy":"post_tag","embeddable":true,"href":"https:\/\/tarimhaber.com\/index.php?rest_route=%2Fwp%2Fv2%2Ftags&post=1134"}],"curies":[{"name":"wp","href":"https:\/\/api.w.org\/{rel}","templated":true}]}}