{"id":1146,"date":"2009-06-24T10:46:31","date_gmt":"2009-06-24T10:46:31","guid":{"rendered":"http:\/\/tarimhaber.com\/?p=1146"},"modified":"2009-06-24T10:46:31","modified_gmt":"2009-06-24T10:46:31","slug":"aycicegi-ekili-alanlar-35-azaldi","status":"publish","type":"post","link":"https:\/\/tarimhaber.com\/?p=1146","title":{"rendered":"Ay\u00e7i\u00e7e\u011fi ekili alanlar % 35 azald\u0131"},"content":{"rendered":"<p>Karadeniz Ya\u011fl\u0131 Tohumlar Tar\u0131m Sat\u0131\u015f Kooperatifleri Birli\u011fi (Karadenizbirlik) Genel M\u00fcd\u00fcr\u00fc \u00dcnal Erarslan, b\u00f6lgelerinde ge\u00e7en y\u0131la g\u00f6re bu y\u0131l ay\u00e7i\u00e7e\u011fi ekili alanlarda y\u00fczde 30-35 oran\u0131nda azalma oldu\u011funu s\u00f6yledi.<br \/>\nT\u00fcrkiye genelinde ay\u00e7i\u00e7e\u011fi ekili alanlarda azalma oldu\u011funu belirten Erarslan, Trakya b\u00f6lgesinde y\u00fczde 10, Karadeniz B\u00f6lgesi&#8217;nde de ortalama y\u00fczde 30-35 oran\u0131nda d\u00fc\u015f\u00fc\u015f\u00fcn oldu\u011funa dikkat \u00e7ekti. D\u00fcnya genelinde \u00f6nde gelen ay\u00e7i\u00e7e\u011fi \u00fcreticilerine bak\u0131ld\u0131\u011f\u0131nda Bulgaristan, Rusya, Ukrayna ve Arjantin genelinde y\u00fczde 10 oran\u0131nda ekili alanlarda bir daralma oldu\u011funu a\u00e7\u0131klayan Genel M\u00fcd\u00fcr \u00dcnal Erarslan, &#8220;Tabii bu y\u0131lki ekim alanlar\u0131n\u0131n darald\u0131\u011f\u0131, ay\u00e7i\u00e7e\u011fi rekoltesinin ge\u00e7en y\u0131ldan daha az olaca\u011f\u0131n\u0131 g\u00f6steriyor. Ancak, hava \u015fartlar\u0131 bu y\u0131l daha iyi olmas\u0131 nedeniyle ge\u00e7en seneye g\u00f6re verim biraz daha y\u00fcksek olur. Ama yine de rekoltenin ge\u00e7en y\u0131la g\u00f6re d\u00fc\u015f\u00fck olmas\u0131 bekleniyor. Ekim alanlar\u0131n\u0131n daralm\u0131\u015f olmas\u0131n\u0131n en b\u00fcy\u00fck sebebi ay\u00e7i\u00e7e\u011fi \u00fcreticisinin bekledi\u011fi fiyat\u0131 bulamam\u0131\u015f olmas\u0131d\u0131r. Ayr\u0131ca, ya\u011fl\u0131 tohuma verilen destekleme primleri bir \u00f6nceki y\u0131la g\u00f6re y\u00fczde 10 d\u00fc\u015f\u00fcr\u00fcld\u00fc&#8221; dedi.<br \/>\nYa\u011fl\u0131 tohumun, T\u00fcrkiye&#8217;nin a\u00e7\u0131\u011f\u0131 olan bir \u00fcr\u00fcn oldu\u011funu, bu a\u00e7\u0131\u011f\u0131n yurt d\u0131\u015f\u0131ndan ithalat yoluyla kar\u015f\u0131land\u0131\u011f\u0131n\u0131 ifade eden Erarslan, destekleme priminin artmas\u0131 beklenirken, 2008 y\u0131l\u0131nda destekleme primlerinin d\u00fc\u015f\u00fcr\u00fcld\u00fc\u011f\u00fcne dikkat \u00e7ekti.<\/p>\n","protected":false},"excerpt":{"rendered":"<p>Karadeniz Ya\u011fl\u0131 Tohumlar Tar\u0131m Sat\u0131\u015f Kooperatifleri Birli\u011fi (Karadenizbirlik) Genel M\u00fcd\u00fcr\u00fc \u00dcnal Erarslan, b\u00f6lgelerinde ge\u00e7en y\u0131la g\u00f6re bu y\u0131l ay\u00e7i\u00e7e\u011fi ekili alanlarda y\u00fczde 30-35 oran\u0131nda azalma oldu\u011funu s\u00f6yledi. T\u00fcrkiye genelinde ay\u00e7i\u00e7e\u011fi&hellip;<\/p>\n","protected":false},"author":1,"featured_media":0,"comment_status":"open","ping_status":"open","sticky":false,"template":"","format":"standard","meta":{"footnotes":""},"categories":[2],"tags":[],"class_list":["post-1146","post","type-post","status-publish","format-standard","hentry","category-tarimgentr"],"_links":{"self":[{"href":"https:\/\/tarimhaber.com\/index.php?rest_route=\/wp\/v2\/posts\/1146","targetHints":{"allow":["GET"]}}],"collection":[{"href":"https:\/\/tarimhaber.com\/index.php?rest_route=\/wp\/v2\/posts"}],"about":[{"href":"https:\/\/tarimhaber.com\/index.php?rest_route=\/wp\/v2\/types\/post"}],"author":[{"embeddable":true,"href":"https:\/\/tarimhaber.com\/index.php?rest_route=\/wp\/v2\/users\/1"}],"replies":[{"embeddable":true,"href":"https:\/\/tarimhaber.com\/index.php?rest_route=%2Fwp%2Fv2%2Fcomments&post=1146"}],"version-history":[{"count":0,"href":"https:\/\/tarimhaber.com\/index.php?rest_route=\/wp\/v2\/posts\/1146\/revisions"}],"wp:attachment":[{"href":"https:\/\/tarimhaber.com\/index.php?rest_route=%2Fwp%2Fv2%2Fmedia&parent=1146"}],"wp:term":[{"taxonomy":"category","embeddable":true,"href":"https:\/\/tarimhaber.com\/index.php?rest_route=%2Fwp%2Fv2%2Fcategories&post=1146"},{"taxonomy":"post_tag","embeddable":true,"href":"https:\/\/tarimhaber.com\/index.php?rest_route=%2Fwp%2Fv2%2Ftags&post=1146"}],"curies":[{"name":"wp","href":"https:\/\/api.w.org\/{rel}","templated":true}]}}