{"id":1154,"date":"2009-07-01T06:48:21","date_gmt":"2009-07-01T06:48:21","guid":{"rendered":"http:\/\/tarimhaber.com\/?p=1154"},"modified":"2009-07-01T06:48:21","modified_gmt":"2009-07-01T06:48:21","slug":"tarim-ve-ticaret-burokratlari-terse-yatirdi","status":"publish","type":"post","link":"https:\/\/tarimhaber.com\/?p=1154","title":{"rendered":"Tar\u0131m ve ticaret, b\u00fcrokratlar\u0131 terse yat\u0131rd\u0131"},"content":{"rendered":"<p>Y\u0131l\u0131n ilk \u00e7eyre\u011fine ili\u015fkin y\u00fczde 13,8 olarak a\u00e7\u0131klanan k\u00fc\u00e7\u00fclme, ekonomi b\u00fcrokrasinin son d\u00f6nemde yapt\u0131\u011f\u0131 k\u00fc\u00e7\u00fclme tahminlerinin de \u00fcst\u00fcne \u00e7\u0131kt\u0131. Y\u0131l\u0131n ilk \u00e7eyre\u011finde y\u00fczde 11 olarak \u00f6ng\u00f6r\u00fclen k\u00fc\u00e7\u00fclme tahmininin y\u00fczde 14 s\u0131n\u0131r\u0131na dayanmas\u0131nda, \u00f6zellikle tar\u0131m ile ticaret etkili oldu. Tar\u0131m\u0131n yap\u0131lan projeksiyonlarda k\u00fc\u00e7\u00fck de olsa b\u00fcy\u00fcmesinin \u00f6ng\u00f6r\u00fcld\u00fc\u011f\u00fc belirtilirken, a\u00e7\u0131klanan verilerde tar\u0131m y\u00fczde 3 k\u00fc\u00e7\u00fcld\u00fc. K\u00fc\u00e7\u00fclmeyi art\u0131ran bir di\u011fer unsur da, ticaretteki y\u00fczde 25,2 d\u00fczeyindeki \u00f6ng\u00f6r\u00fclemeyen daralma oldu. Daralman\u0131n bu kadar y\u00fcksek olmas\u0131 y\u0131ll\u0131k b\u00fcy\u00fcme tahminlerinin de y\u00fckselmesine neden oldu.<\/p>\n","protected":false},"excerpt":{"rendered":"<p>Y\u0131l\u0131n ilk \u00e7eyre\u011fine ili\u015fkin y\u00fczde 13,8 olarak a\u00e7\u0131klanan k\u00fc\u00e7\u00fclme, ekonomi b\u00fcrokrasinin son d\u00f6nemde yapt\u0131\u011f\u0131 k\u00fc\u00e7\u00fclme tahminlerinin de \u00fcst\u00fcne \u00e7\u0131kt\u0131. Y\u0131l\u0131n ilk \u00e7eyre\u011finde y\u00fczde 11 olarak \u00f6ng\u00f6r\u00fclen k\u00fc\u00e7\u00fclme tahmininin y\u00fczde 14&hellip;<\/p>\n","protected":false},"author":1,"featured_media":0,"comment_status":"open","ping_status":"open","sticky":false,"template":"","format":"standard","meta":{"footnotes":""},"categories":[2],"tags":[2912],"class_list":["post-1154","post","type-post","status-publish","format-standard","hentry","category-tarimgentr","tag-http-www-referansgazetesi-com"],"_links":{"self":[{"href":"https:\/\/tarimhaber.com\/index.php?rest_route=\/wp\/v2\/posts\/1154","targetHints":{"allow":["GET"]}}],"collection":[{"href":"https:\/\/tarimhaber.com\/index.php?rest_route=\/wp\/v2\/posts"}],"about":[{"href":"https:\/\/tarimhaber.com\/index.php?rest_route=\/wp\/v2\/types\/post"}],"author":[{"embeddable":true,"href":"https:\/\/tarimhaber.com\/index.php?rest_route=\/wp\/v2\/users\/1"}],"replies":[{"embeddable":true,"href":"https:\/\/tarimhaber.com\/index.php?rest_route=%2Fwp%2Fv2%2Fcomments&post=1154"}],"version-history":[{"count":0,"href":"https:\/\/tarimhaber.com\/index.php?rest_route=\/wp\/v2\/posts\/1154\/revisions"}],"wp:attachment":[{"href":"https:\/\/tarimhaber.com\/index.php?rest_route=%2Fwp%2Fv2%2Fmedia&parent=1154"}],"wp:term":[{"taxonomy":"category","embeddable":true,"href":"https:\/\/tarimhaber.com\/index.php?rest_route=%2Fwp%2Fv2%2Fcategories&post=1154"},{"taxonomy":"post_tag","embeddable":true,"href":"https:\/\/tarimhaber.com\/index.php?rest_route=%2Fwp%2Fv2%2Ftags&post=1154"}],"curies":[{"name":"wp","href":"https:\/\/api.w.org\/{rel}","templated":true}]}}