{"id":1155,"date":"2009-07-01T11:57:56","date_gmt":"2009-07-01T11:57:56","guid":{"rendered":"http:\/\/tarimhaber.com\/?p=1155"},"modified":"2009-07-01T11:57:56","modified_gmt":"2009-07-01T11:57:56","slug":"tarlada-ekili-bugdayi-caldilar","status":"publish","type":"post","link":"https:\/\/tarimhaber.com\/?p=1155","title":{"rendered":"Tarlada ekili bu\u011fday\u0131 \u00e7ald\u0131lar"},"content":{"rendered":"<p>Edirne&#8217;ye ba\u011fl\u0131 B\u00fcy\u00fckd\u00f6ll\u00fck K\u00f6y\u00fc&#8217;nde oturan 70 ya\u015f\u0131ndaki Enver Bozdo\u011fan, hasat yapmaya gitti\u011fi 80 d\u00f6n\u00fcml\u00fck bu\u011fday tarlas\u0131ndan yakla\u015f\u0131k 40 ton bu\u011fday \u00e7al\u0131nd\u0131\u011f\u0131n\u0131 g\u00f6r\u00fcnce sinir krizi ge\u00e7irdi.<br \/>\nAlmanya&#8217;da 40 y\u0131l i\u015f\u00e7i olarak \u00e7al\u0131\u015fan ve biriktirdi\u011fi para ile oturdu\u011fu k\u00f6ye 10 kilometre uzakl\u0131kta bulunan TOK\u0130 Konutlar\u0131&#8217;n\u0131n bulundu\u011fu F\u0131r\u0131nlars\u0131rt\u0131 Mevkii&#8217;nde 80 d\u00f6n\u00fcml\u00fck tarla alan 3 \u00e7ocuk babas\u0131 Enver Bozdo\u011fan, g\u00fcnl\u00fck yevmiye ile \u00e7al\u0131\u015ft\u0131rd\u0131\u011f\u0131 i\u015f\u00e7ilere bu\u011fday ektirdi. Hasat zaman\u0131 geldi\u011finde d\u00f6ver- bi\u00e7er arac\u0131 kiralayan Bozdo\u011fan, trakt\u00f6r\u00fc ile birlikte tarlas\u0131na bu\u011fdaylar\u0131 bi\u00e7meye gitti. 80 d\u00f6n\u00fcml\u00fck bu\u011fday\u0131n\u0131n bi\u00e7ildi\u011fini ve \u00fcr\u00fcn\u00fcn \u00e7al\u0131nd\u0131\u011f\u0131n\u0131 g\u00f6r\u00fcnce sinir krizi ge\u00e7irerek, fenala\u015fan Bozdo\u011fan, hasat i\u00e7in getirdi\u011fi i\u015f\u00e7iler taraf\u0131ndan g\u00fc\u00e7l\u00fckle sakinle\u015ftirdi. Durumu jandarmaya bildiren Enver Bozdo\u011fan, Almanya&#8217;da in\u015faat i\u015f\u00e7isi olarak \u00e7al\u0131\u015ft\u0131ktan sonra bu tarlalar\u0131 10 y\u0131l \u00f6nce ald\u0131\u011f\u0131n\u0131 anlat\u0131rken \u015f\u00f6yle dedi:<\/p>\n","protected":false},"excerpt":{"rendered":"<p>Edirne&#8217;ye ba\u011fl\u0131 B\u00fcy\u00fckd\u00f6ll\u00fck K\u00f6y\u00fc&#8217;nde oturan 70 ya\u015f\u0131ndaki Enver Bozdo\u011fan, hasat yapmaya gitti\u011fi 80 d\u00f6n\u00fcml\u00fck bu\u011fday tarlas\u0131ndan yakla\u015f\u0131k 40 ton bu\u011fday \u00e7al\u0131nd\u0131\u011f\u0131n\u0131 g\u00f6r\u00fcnce sinir krizi ge\u00e7irdi. Almanya&#8217;da 40 y\u0131l i\u015f\u00e7i olarak&hellip;<\/p>\n","protected":false},"author":1,"featured_media":0,"comment_status":"open","ping_status":"open","sticky":false,"template":"","format":"standard","meta":{"footnotes":""},"categories":[2],"tags":[2273],"class_list":["post-1155","post","type-post","status-publish","format-standard","hentry","category-tarimgentr","tag-http-www-hurriyet-com-tr"],"_links":{"self":[{"href":"https:\/\/tarimhaber.com\/index.php?rest_route=\/wp\/v2\/posts\/1155","targetHints":{"allow":["GET"]}}],"collection":[{"href":"https:\/\/tarimhaber.com\/index.php?rest_route=\/wp\/v2\/posts"}],"about":[{"href":"https:\/\/tarimhaber.com\/index.php?rest_route=\/wp\/v2\/types\/post"}],"author":[{"embeddable":true,"href":"https:\/\/tarimhaber.com\/index.php?rest_route=\/wp\/v2\/users\/1"}],"replies":[{"embeddable":true,"href":"https:\/\/tarimhaber.com\/index.php?rest_route=%2Fwp%2Fv2%2Fcomments&post=1155"}],"version-history":[{"count":0,"href":"https:\/\/tarimhaber.com\/index.php?rest_route=\/wp\/v2\/posts\/1155\/revisions"}],"wp:attachment":[{"href":"https:\/\/tarimhaber.com\/index.php?rest_route=%2Fwp%2Fv2%2Fmedia&parent=1155"}],"wp:term":[{"taxonomy":"category","embeddable":true,"href":"https:\/\/tarimhaber.com\/index.php?rest_route=%2Fwp%2Fv2%2Fcategories&post=1155"},{"taxonomy":"post_tag","embeddable":true,"href":"https:\/\/tarimhaber.com\/index.php?rest_route=%2Fwp%2Fv2%2Ftags&post=1155"}],"curies":[{"name":"wp","href":"https:\/\/api.w.org\/{rel}","templated":true}]}}