{"id":1157,"date":"2009-07-02T09:23:29","date_gmt":"2009-07-02T09:23:29","guid":{"rendered":"http:\/\/tarimhaber.com\/?p=1157"},"modified":"2009-07-02T09:23:29","modified_gmt":"2009-07-02T09:23:29","slug":"zeytinyagina-hobi-amacli-girdi-avrupadan-odul-aldi","status":"publish","type":"post","link":"https:\/\/tarimhaber.com\/?p=1157","title":{"rendered":"Zeytinya\u011f\u0131na hobi ama\u00e7l\u0131 girdi Avrupa&#8217;dan \u00f6d\u00fcl ald\u0131"},"content":{"rendered":"<p>Mu\u011fla&#8217;n\u0131n Milas il\u00e7esine ba\u011fl\u0131 A\u011fa\u00e7l\u0131h\u00f6y\u00fck k\u00f6y\u00fcnde ailesinden kalma zeytinliklerde hobi ama\u00e7l\u0131 zeytinya\u011f\u0131 \u00fcretimi yapan Ali Osman Mente\u015fe, zeytinya\u011f\u0131n\u0131n en prestijli kurumlar\u0131 aras\u0131nda g\u00f6sterilen Br\u00fcksel merkezli Monde Selection&#8217;dan g\u00fcm\u00fc\u015f madalya ald\u0131.<\/p>\n<p>Mente\u015fe, \u00f6d\u00fcl sonras\u0131 art\u0131k ihracat yapmay\u0131 d\u00fc\u015f\u00fcnmeye ba\u015flad\u0131\u011f\u0131n\u0131 s\u00f6yledi.<\/p>\n<p>Mente\u015fe, bir iktisat\u00e7\u0131 olarak uzun y\u0131llar ila\u00e7 sekt\u00f6r\u00fcnde faaliyet g\u00f6steren \u015firketlerin \u00fcst d\u00fczey y\u00f6neticili\u011fini y\u00fcr\u00fctt\u00fc\u011f\u00fcn\u00fc, 1998 y\u0131l\u0131nda emekli olduktan sonra memleketi olan Milas&#8217;a yerle\u015ferek hobi amac\u0131yla aileden kalma zeytinliklerle ilgilenmeye ba\u015flad\u0131\u011f\u0131n\u0131 belirtti.<\/p>\n","protected":false},"excerpt":{"rendered":"<p>Mu\u011fla&#8217;n\u0131n Milas il\u00e7esine ba\u011fl\u0131 A\u011fa\u00e7l\u0131h\u00f6y\u00fck k\u00f6y\u00fcnde ailesinden kalma zeytinliklerde hobi ama\u00e7l\u0131 zeytinya\u011f\u0131 \u00fcretimi yapan Ali Osman Mente\u015fe, zeytinya\u011f\u0131n\u0131n en prestijli kurumlar\u0131 aras\u0131nda g\u00f6sterilen Br\u00fcksel merkezli Monde Selection&#8217;dan g\u00fcm\u00fc\u015f madalya ald\u0131.&hellip;<\/p>\n","protected":false},"author":1,"featured_media":0,"comment_status":"open","ping_status":"open","sticky":false,"template":"","format":"standard","meta":{"footnotes":""},"categories":[2],"tags":[],"class_list":["post-1157","post","type-post","status-publish","format-standard","hentry","category-tarimgentr"],"_links":{"self":[{"href":"https:\/\/tarimhaber.com\/index.php?rest_route=\/wp\/v2\/posts\/1157","targetHints":{"allow":["GET"]}}],"collection":[{"href":"https:\/\/tarimhaber.com\/index.php?rest_route=\/wp\/v2\/posts"}],"about":[{"href":"https:\/\/tarimhaber.com\/index.php?rest_route=\/wp\/v2\/types\/post"}],"author":[{"embeddable":true,"href":"https:\/\/tarimhaber.com\/index.php?rest_route=\/wp\/v2\/users\/1"}],"replies":[{"embeddable":true,"href":"https:\/\/tarimhaber.com\/index.php?rest_route=%2Fwp%2Fv2%2Fcomments&post=1157"}],"version-history":[{"count":0,"href":"https:\/\/tarimhaber.com\/index.php?rest_route=\/wp\/v2\/posts\/1157\/revisions"}],"wp:attachment":[{"href":"https:\/\/tarimhaber.com\/index.php?rest_route=%2Fwp%2Fv2%2Fmedia&parent=1157"}],"wp:term":[{"taxonomy":"category","embeddable":true,"href":"https:\/\/tarimhaber.com\/index.php?rest_route=%2Fwp%2Fv2%2Fcategories&post=1157"},{"taxonomy":"post_tag","embeddable":true,"href":"https:\/\/tarimhaber.com\/index.php?rest_route=%2Fwp%2Fv2%2Ftags&post=1157"}],"curies":[{"name":"wp","href":"https:\/\/api.w.org\/{rel}","templated":true}]}}