{"id":1158,"date":"2009-07-03T06:42:38","date_gmt":"2009-07-03T06:42:38","guid":{"rendered":"http:\/\/tarimhaber.com\/?p=1158"},"modified":"2009-07-03T06:42:38","modified_gmt":"2009-07-03T06:42:38","slug":"pirinc-uretmek-isteyen-ortadogulu-ulkeler-gozunu-turkiyeye-cevirdi","status":"publish","type":"post","link":"https:\/\/tarimhaber.com\/?p=1158","title":{"rendered":"Pirin\u00e7 \u00fcretmek isteyen Ortado\u011fulu \u00fclkeler g\u00f6z\u00fcn\u00fc T\u00fcrkiye&#8217;ye \u00e7evirdi"},"content":{"rendered":"<p>Sezon Pirin\u00e7 Ba\u015fkan\u0131 Erdo\u011fan, pirin\u00e7 \u00fcretmek isteyen \u00fclkelerin kiralamak i\u00e7in T\u00fcrkiye&#8217;den arazi bakt\u0131\u011f\u0131n\u0131 s\u00f6yledi.<br \/>\nSezon Pirin\u00e7 Ba\u015fbakan\u0131 Mehmet Erdo\u011fan, elinde finans kayna\u011f\u0131 olup, tar\u0131ma sahip olmayan \u00fclkelerin pirin\u00e7 \u00fcretimi i\u00e7in farkl\u0131 \u00fclkelerde tar\u0131m arazileri kiralad\u0131klar\u0131n\u0131 T\u00fcrkiye&#8217;nin de \u00f6zellikle Ortedo\u011fu \u00fclkelerinin hedefinde oldu\u011funu s\u00f6yledi. Erdo\u011fan, &#8220;Fransa&#8217;n\u0131n toplam tar\u0131m arazilerine e\u015f 20 milyon hektarl\u0131k tar\u0131m arazisi devletlerden devletlere kiralan\u0131yor. &#8216;Ucuz \u00fcretemiyorsan sat\u0131n al&#8217; politikas\u0131 art\u0131k ge\u00e7erli de\u011fil&#8221; dedi. Yeni kolonile\u015fme olarak nitelenen kiralama ak\u0131m\u0131n\u0131n yetersiz do\u011fal kayna\u011fa sahip \u00fclkelerce uyguland\u0131\u011f\u0131n\u0131 vurgulayan Erdo\u011fan, \u00c7in, G\u00fcney Kore ve Suudi Arabistan&#8217;\u0131n h\u00fck\u00fcmetler d\u00fczeyinde al\u0131m yapt\u0131klar\u0131na dikkat \u00e7ekti. Erdo\u011fan, Ortado\u011fulu \u00fclkelerin T\u00fcrkiye&#8217;de kiralamak i\u00e7in arazi bakt\u0131klar\u0131n\u0131 s\u00f6yledi.<\/p>\n","protected":false},"excerpt":{"rendered":"<p>Sezon Pirin\u00e7 Ba\u015fkan\u0131 Erdo\u011fan, pirin\u00e7 \u00fcretmek isteyen \u00fclkelerin kiralamak i\u00e7in T\u00fcrkiye&#8217;den arazi bakt\u0131\u011f\u0131n\u0131 s\u00f6yledi. Sezon Pirin\u00e7 Ba\u015fbakan\u0131 Mehmet Erdo\u011fan, elinde finans kayna\u011f\u0131 olup, tar\u0131ma sahip olmayan \u00fclkelerin pirin\u00e7 \u00fcretimi i\u00e7in&hellip;<\/p>\n","protected":false},"author":1,"featured_media":0,"comment_status":"open","ping_status":"open","sticky":false,"template":"","format":"standard","meta":{"footnotes":""},"categories":[2],"tags":[],"class_list":["post-1158","post","type-post","status-publish","format-standard","hentry","category-tarimgentr"],"_links":{"self":[{"href":"https:\/\/tarimhaber.com\/index.php?rest_route=\/wp\/v2\/posts\/1158","targetHints":{"allow":["GET"]}}],"collection":[{"href":"https:\/\/tarimhaber.com\/index.php?rest_route=\/wp\/v2\/posts"}],"about":[{"href":"https:\/\/tarimhaber.com\/index.php?rest_route=\/wp\/v2\/types\/post"}],"author":[{"embeddable":true,"href":"https:\/\/tarimhaber.com\/index.php?rest_route=\/wp\/v2\/users\/1"}],"replies":[{"embeddable":true,"href":"https:\/\/tarimhaber.com\/index.php?rest_route=%2Fwp%2Fv2%2Fcomments&post=1158"}],"version-history":[{"count":0,"href":"https:\/\/tarimhaber.com\/index.php?rest_route=\/wp\/v2\/posts\/1158\/revisions"}],"wp:attachment":[{"href":"https:\/\/tarimhaber.com\/index.php?rest_route=%2Fwp%2Fv2%2Fmedia&parent=1158"}],"wp:term":[{"taxonomy":"category","embeddable":true,"href":"https:\/\/tarimhaber.com\/index.php?rest_route=%2Fwp%2Fv2%2Fcategories&post=1158"},{"taxonomy":"post_tag","embeddable":true,"href":"https:\/\/tarimhaber.com\/index.php?rest_route=%2Fwp%2Fv2%2Ftags&post=1158"}],"curies":[{"name":"wp","href":"https:\/\/api.w.org\/{rel}","templated":true}]}}