{"id":1159,"date":"2009-07-03T06:43:56","date_gmt":"2009-07-03T06:43:56","guid":{"rendered":"http:\/\/tarimhaber.com\/?p=1159"},"modified":"2009-07-03T06:43:56","modified_gmt":"2009-07-03T06:43:56","slug":"devlet-destekli-tarim-sigortasinda-hedefler-belirlendi-2013te-5-ciftciden-biri-sigorta-yaptiracak","status":"publish","type":"post","link":"https:\/\/tarimhaber.com\/?p=1159","title":{"rendered":"Devlet destekli tar\u0131m sigortas\u0131nda hedefler belirlendi: 2013&#8217;te 5 \u00e7ift\u00e7iden biri sigorta yapt\u0131racak"},"content":{"rendered":"<p>Devlet destekli tar\u0131m sigortas\u0131nda hedefler belirlendi. TARS\u0130M Genel M\u00fcd\u00fcr\u00fc B\u00fclent Bora, orta vadede tar\u0131msal de\u011ferin y\u00fczde 10&#8217;unu, uzun vadede de y\u00fczde 20&#8217;sini sigortalamay\u0131 hedeflediklerini belirterek &#8216;\u00c7ift\u00e7i say\u0131s\u0131nda da Bakan\u0131m\u0131z Mehdi Eker&#8217;in koydu\u011fu, 2013&#8217;te 5 \u00e7ift\u00e7iden birini sigortalayal\u0131m \u015feklinde bir hedefi var&#8217; dedi.<\/p>\n<p>Bug\u00fcne kadar yaz\u0131lar\u0131mda devlet destekli tar\u0131m sigortas\u0131na bir\u00e7ok defalar yer verdim. Hemen hemen hepsinde de bu alandaki geli\u015fmeyi ay ve ay okuyucularla payla\u015ft\u0131m. Ama dikkat etti\u011fim ve g\u00f6zden ka\u00e7\u0131rd\u0131\u011f\u0131m bir konu oldu: Tar\u0131m sigortas\u0131ndaki hedefler. Daha a\u00e7\u0131k bir anlat\u0131mla 2006 y\u0131l\u0131n\u0131n ortalar\u0131nda uygulamaya giren devlet destekli tar\u0131m sigortas\u0131nda uzun vadeli hedefler neydi?<br \/>\nGe\u00e7enlerde Tar\u0131m Sigortalar\u0131 Havuzu (TARS\u0130M) Genel M\u00fcd\u00fcr\u00fc B\u00fclent Bora ile tar\u0131m sigortas\u0131 \u00fczerine sohbet ederken konu, hedeflerden de a\u00e7\u0131ld\u0131.<\/p>\n","protected":false},"excerpt":{"rendered":"<p>Devlet destekli tar\u0131m sigortas\u0131nda hedefler belirlendi. TARS\u0130M Genel M\u00fcd\u00fcr\u00fc B\u00fclent Bora, orta vadede tar\u0131msal de\u011ferin y\u00fczde 10&#8217;unu, uzun vadede de y\u00fczde 20&#8217;sini sigortalamay\u0131 hedeflediklerini belirterek &#8216;\u00c7ift\u00e7i say\u0131s\u0131nda da Bakan\u0131m\u0131z Mehdi&hellip;<\/p>\n","protected":false},"author":1,"featured_media":0,"comment_status":"open","ping_status":"open","sticky":false,"template":"","format":"standard","meta":{"footnotes":""},"categories":[2],"tags":[2912],"class_list":["post-1159","post","type-post","status-publish","format-standard","hentry","category-tarimgentr","tag-http-www-referansgazetesi-com"],"_links":{"self":[{"href":"https:\/\/tarimhaber.com\/index.php?rest_route=\/wp\/v2\/posts\/1159","targetHints":{"allow":["GET"]}}],"collection":[{"href":"https:\/\/tarimhaber.com\/index.php?rest_route=\/wp\/v2\/posts"}],"about":[{"href":"https:\/\/tarimhaber.com\/index.php?rest_route=\/wp\/v2\/types\/post"}],"author":[{"embeddable":true,"href":"https:\/\/tarimhaber.com\/index.php?rest_route=\/wp\/v2\/users\/1"}],"replies":[{"embeddable":true,"href":"https:\/\/tarimhaber.com\/index.php?rest_route=%2Fwp%2Fv2%2Fcomments&post=1159"}],"version-history":[{"count":0,"href":"https:\/\/tarimhaber.com\/index.php?rest_route=\/wp\/v2\/posts\/1159\/revisions"}],"wp:attachment":[{"href":"https:\/\/tarimhaber.com\/index.php?rest_route=%2Fwp%2Fv2%2Fmedia&parent=1159"}],"wp:term":[{"taxonomy":"category","embeddable":true,"href":"https:\/\/tarimhaber.com\/index.php?rest_route=%2Fwp%2Fv2%2Fcategories&post=1159"},{"taxonomy":"post_tag","embeddable":true,"href":"https:\/\/tarimhaber.com\/index.php?rest_route=%2Fwp%2Fv2%2Ftags&post=1159"}],"curies":[{"name":"wp","href":"https:\/\/api.w.org\/{rel}","templated":true}]}}