{"id":1162,"date":"2009-07-06T13:45:11","date_gmt":"2009-07-06T13:45:11","guid":{"rendered":"http:\/\/tarimhaber.com\/?p=1162"},"modified":"2009-07-06T13:45:11","modified_gmt":"2009-07-06T13:45:11","slug":"balikesirde-tarim-alanlarini-fareler-istila-etti","status":"publish","type":"post","link":"https:\/\/tarimhaber.com\/?p=1162","title":{"rendered":"Bal\u0131kesir&#8217;de tar\u0131m alanlar\u0131n\u0131 fareler istila etti"},"content":{"rendered":"<p>Bal\u0131kesir Ziraat Odas\u0131 Ba\u015fkan\u0131 Sami S\u00f6zat, &#8221;Bal\u0131kesir&#8217;de do\u011fal afet gibi fare afeti ya\u015fan\u0131yor. Fareler tarlalarda bu\u011fday ba\u015fa\u011f\u0131 b\u0131rakmad\u0131&#8221; dedi.<br \/>\nS\u00f6zat, AA muhabirine yapt\u0131\u011f\u0131 a\u00e7\u0131klamada, b\u00f6lgede ya\u015fanan fare istilas\u0131n\u0131n afet haline d\u00f6n\u00fc\u015ft\u00fc\u011f\u00fcn\u00fc bildirdi. Bal\u0131kesir&#8217;de \u00f6zellikle bu\u011fday \u00fcreticilerinin dolu ve kurakl\u0131k afeti gibi yeni bir afetle kar\u015f\u0131 kar\u015f\u0131ya kald\u0131klar\u0131n\u0131 bildiren S\u00f6zat, \u015funlar\u0131 kaydetti: &#8221;Kar\u015f\u0131la\u015ft\u0131\u011f\u0131m\u0131z tablo ger\u00e7ekten \u00e7ok vahim. Bu\u011fday tarlalar\u0131n\u0131 bi\u00e7meye gerek kalmayacak g\u00f6r\u00fcnt\u00fcler var. Fareler, 50 d\u00f6n\u00fcml\u00fck ekili alandaki \u00fcr\u00fcn\u00fcn yar\u0131s\u0131n\u0131 yeyip bitirdi. Ekili baz\u0131 alanlarda bir tek bu\u011fday ba\u015fa\u011f\u0131 bile kalmad\u0131\u011f\u0131 g\u00f6r\u00fcl\u00fcyor. \u00dcreticilerimiz \u00e7aresiz durumda. Kalan \u00fcr\u00fcn hasat edilse bile bi\u00e7erd\u00f6verin paras\u0131n\u0131 kar\u015f\u0131lamaz. Tar\u0131m te\u015fkilatlar\u0131n\u0131n \u00e7ok acil olarak bu soruna e\u011filmesi gerekiyor. S\u00fcne zararl\u0131s\u0131na kar\u015f\u0131 verilen m\u00fccadelenin bir benzeri fareler i\u00e7in de yap\u0131lmal\u0131. Aksi halde tarlalara yeni \u00fcr\u00fcn ekilmez.&#8221;<\/p>\n","protected":false},"excerpt":{"rendered":"<p>Bal\u0131kesir Ziraat Odas\u0131 Ba\u015fkan\u0131 Sami S\u00f6zat, &#8221;Bal\u0131kesir&#8217;de do\u011fal afet gibi fare afeti ya\u015fan\u0131yor. Fareler tarlalarda bu\u011fday ba\u015fa\u011f\u0131 b\u0131rakmad\u0131&#8221; dedi. S\u00f6zat, AA muhabirine yapt\u0131\u011f\u0131 a\u00e7\u0131klamada, b\u00f6lgede ya\u015fanan fare istilas\u0131n\u0131n afet haline&hellip;<\/p>\n","protected":false},"author":1,"featured_media":0,"comment_status":"open","ping_status":"open","sticky":false,"template":"","format":"standard","meta":{"footnotes":""},"categories":[2],"tags":[],"class_list":["post-1162","post","type-post","status-publish","format-standard","hentry","category-tarimgentr"],"_links":{"self":[{"href":"https:\/\/tarimhaber.com\/index.php?rest_route=\/wp\/v2\/posts\/1162","targetHints":{"allow":["GET"]}}],"collection":[{"href":"https:\/\/tarimhaber.com\/index.php?rest_route=\/wp\/v2\/posts"}],"about":[{"href":"https:\/\/tarimhaber.com\/index.php?rest_route=\/wp\/v2\/types\/post"}],"author":[{"embeddable":true,"href":"https:\/\/tarimhaber.com\/index.php?rest_route=\/wp\/v2\/users\/1"}],"replies":[{"embeddable":true,"href":"https:\/\/tarimhaber.com\/index.php?rest_route=%2Fwp%2Fv2%2Fcomments&post=1162"}],"version-history":[{"count":0,"href":"https:\/\/tarimhaber.com\/index.php?rest_route=\/wp\/v2\/posts\/1162\/revisions"}],"wp:attachment":[{"href":"https:\/\/tarimhaber.com\/index.php?rest_route=%2Fwp%2Fv2%2Fmedia&parent=1162"}],"wp:term":[{"taxonomy":"category","embeddable":true,"href":"https:\/\/tarimhaber.com\/index.php?rest_route=%2Fwp%2Fv2%2Fcategories&post=1162"},{"taxonomy":"post_tag","embeddable":true,"href":"https:\/\/tarimhaber.com\/index.php?rest_route=%2Fwp%2Fv2%2Ftags&post=1162"}],"curies":[{"name":"wp","href":"https:\/\/api.w.org\/{rel}","templated":true}]}}