{"id":1168,"date":"2009-07-23T14:51:39","date_gmt":"2009-07-23T14:51:39","guid":{"rendered":"http:\/\/tarimhaber.com\/?p=1168"},"modified":"2009-07-23T14:51:39","modified_gmt":"2009-07-23T14:51:39","slug":"tarim-ilaclari-siyah-incir-ihracatini-risk-altina-sokuyor","status":"publish","type":"post","link":"https:\/\/tarimhaber.com\/?p=1168","title":{"rendered":"Tar\u0131m ila\u00e7lar\u0131, siyah incir ihracat\u0131n\u0131 risk alt\u0131na sokuyor"},"content":{"rendered":"<p>Uluda\u011f Ya\u015f Meyve Sebze \u0130hracat\u00e7\u0131lar\u0131 Birli\u011fi (UYMS\u0130B) Y\u00f6netim Kurulu Ba\u015fkan\u0131 Dr. Salih \u00c7al\u0131, Bursa&#8217;ya has olarak yeti\u015fen Bursa Siyah \u0130ncir&#8217;inin tar\u0131m ila\u00e7lar\u0131ndan korunmad\u0131\u011f\u0131 taktirde ihracat\u0131n zarar g\u00f6rece\u011fini s\u00f6yledi.<br \/>\n\u0130ncir \u00fcreticileri ve k\u00f6y muhtarlar\u0131na mektup g\u00f6ndererek tar\u0131m ila\u00e7lar\u0131 konusunda dikkatli olunmas\u0131n\u0131 isteyen \u00c7al\u0131, Bursa siyah incirinin, d\u00fcnyada ba\u015fka hi\u00e7 bir yerde olmayan ve sadece Bursa&#8217;ya \u00f6zel bir meyve oldu\u011funa dikkat \u00e7ekti.<\/p>\n","protected":false},"excerpt":{"rendered":"<p>Uluda\u011f Ya\u015f Meyve Sebze \u0130hracat\u00e7\u0131lar\u0131 Birli\u011fi (UYMS\u0130B) Y\u00f6netim Kurulu Ba\u015fkan\u0131 Dr. Salih \u00c7al\u0131, Bursa&#8217;ya has olarak yeti\u015fen Bursa Siyah \u0130ncir&#8217;inin tar\u0131m ila\u00e7lar\u0131ndan korunmad\u0131\u011f\u0131 taktirde ihracat\u0131n zarar g\u00f6rece\u011fini s\u00f6yledi. \u0130ncir \u00fcreticileri&hellip;<\/p>\n","protected":false},"author":1,"featured_media":0,"comment_status":"open","ping_status":"open","sticky":false,"template":"","format":"standard","meta":{"footnotes":""},"categories":[2],"tags":[],"class_list":["post-1168","post","type-post","status-publish","format-standard","hentry","category-tarimgentr"],"_links":{"self":[{"href":"https:\/\/tarimhaber.com\/index.php?rest_route=\/wp\/v2\/posts\/1168","targetHints":{"allow":["GET"]}}],"collection":[{"href":"https:\/\/tarimhaber.com\/index.php?rest_route=\/wp\/v2\/posts"}],"about":[{"href":"https:\/\/tarimhaber.com\/index.php?rest_route=\/wp\/v2\/types\/post"}],"author":[{"embeddable":true,"href":"https:\/\/tarimhaber.com\/index.php?rest_route=\/wp\/v2\/users\/1"}],"replies":[{"embeddable":true,"href":"https:\/\/tarimhaber.com\/index.php?rest_route=%2Fwp%2Fv2%2Fcomments&post=1168"}],"version-history":[{"count":0,"href":"https:\/\/tarimhaber.com\/index.php?rest_route=\/wp\/v2\/posts\/1168\/revisions"}],"wp:attachment":[{"href":"https:\/\/tarimhaber.com\/index.php?rest_route=%2Fwp%2Fv2%2Fmedia&parent=1168"}],"wp:term":[{"taxonomy":"category","embeddable":true,"href":"https:\/\/tarimhaber.com\/index.php?rest_route=%2Fwp%2Fv2%2Fcategories&post=1168"},{"taxonomy":"post_tag","embeddable":true,"href":"https:\/\/tarimhaber.com\/index.php?rest_route=%2Fwp%2Fv2%2Ftags&post=1168"}],"curies":[{"name":"wp","href":"https:\/\/api.w.org\/{rel}","templated":true}]}}