{"id":1170,"date":"2009-08-19T07:49:21","date_gmt":"2009-08-19T07:49:21","guid":{"rendered":"http:\/\/tarimhaber.com\/?p=1170"},"modified":"2009-08-19T07:49:21","modified_gmt":"2009-08-19T07:49:21","slug":"kuraklikta-koyunlar-kesildi-et-fiyatlari-yuzde-100-artti","status":"publish","type":"post","link":"https:\/\/tarimhaber.com\/?p=1170","title":{"rendered":"Kurakl\u0131kta koyunlar kesildi, et fiyatlar\u0131 y\u00fczde 100 artt\u0131"},"content":{"rendered":"<p>Ge\u00e7en y\u0131l kurakl\u0131k nedeniyle yem fiyatlar\u0131n\u0131n y\u00fckselmesi, \u00fcreticiye di\u015fi koyununu bile kestirdi. Bu nedenle bu y\u0131l koyun say\u0131s\u0131nda y\u00fczde 25-30 azalma ya\u015fan\u0131rken et fiyatlar\u0131 da 8 TL&#8217;den 15 TL&#8217;ye f\u0131rlad\u0131. <\/p>\n<p>\u00dcreticinin ge\u00e7en y\u0131l kurakl\u0131k ve yem fiyatlar\u0131ndaki a\u015f\u0131r\u0131 art\u0131\u015f nedeniyle di\u015fi hayvanlar\u0131n\u0131 bile kesmesi, bu y\u0131l koyun say\u0131s\u0131n\u0131n azalmas\u0131na neden olurken et fiyatlar\u0131n\u0131 da rekor seviyelere ta\u015f\u0131d\u0131. Son 1 y\u0131lda koyun say\u0131s\u0131 y\u00fczde 30 civar\u0131nda azal\u0131rken et fiyatlar\u0131 da y\u00fczde 100&#8217;e yak\u0131n artarak 8 TL&#8217;den 15 TL&#8217;ye f\u0131rlad\u0131.<br \/>\nSon 5 y\u0131lda \u00f6zellikle kurakl\u0131k ve yem fiyatlar\u0131n\u0131n y\u00fckselmesi nedeniyle \u00fcreticinin elindeki do\u011furgan ana\u00e7 koyunu bile kesti\u011fine dikkat \u00e7eken Konya Dam\u0131zl\u0131k Koyun Ke\u00e7i Yeti\u015ftiricileri Birli\u011fi Ba\u015fkan\u0131 Fettah \u00d6zt\u00fcrk, hayvan say\u0131s\u0131nda y\u00fczde 25-30&#8217;luk bir d\u00fc\u015f\u00fc\u015f oldu\u011funu tahmin ettiklerini a\u00e7\u0131klad\u0131. Ge\u00e7en y\u0131l bir koyun 110 TL iken, 1 ton arpan\u0131n 530 TL, ak saman\u0131n ise 250 TL oldu\u011funun alt\u0131n\u0131 \u00e7izen \u00d6zt\u00fcrk, &#8220;Ge\u00e7en y\u0131l \u00e7ok bunalan \u00fcretici koyunlar\u0131n\u0131 kestirmek zorunda kald\u0131. Bug\u00fcn koyun 300 TL, arpa da 300 TL. Ge\u00e7en y\u0131l koyun vard\u0131 ama yem yoktu, bu y\u0131l yem var ama koyun yok&#8221; de\u011ferlendirmesinde bulundu.<\/p>\n","protected":false},"excerpt":{"rendered":"<p>Ge\u00e7en y\u0131l kurakl\u0131k nedeniyle yem fiyatlar\u0131n\u0131n y\u00fckselmesi, \u00fcreticiye di\u015fi koyununu bile kestirdi. Bu nedenle bu y\u0131l koyun say\u0131s\u0131nda y\u00fczde 25-30 azalma ya\u015fan\u0131rken et fiyatlar\u0131 da 8 TL&#8217;den 15 TL&#8217;ye f\u0131rlad\u0131.&hellip;<\/p>\n","protected":false},"author":1,"featured_media":0,"comment_status":"open","ping_status":"open","sticky":false,"template":"","format":"standard","meta":{"footnotes":""},"categories":[2],"tags":[],"class_list":["post-1170","post","type-post","status-publish","format-standard","hentry","category-tarimgentr"],"_links":{"self":[{"href":"https:\/\/tarimhaber.com\/index.php?rest_route=\/wp\/v2\/posts\/1170","targetHints":{"allow":["GET"]}}],"collection":[{"href":"https:\/\/tarimhaber.com\/index.php?rest_route=\/wp\/v2\/posts"}],"about":[{"href":"https:\/\/tarimhaber.com\/index.php?rest_route=\/wp\/v2\/types\/post"}],"author":[{"embeddable":true,"href":"https:\/\/tarimhaber.com\/index.php?rest_route=\/wp\/v2\/users\/1"}],"replies":[{"embeddable":true,"href":"https:\/\/tarimhaber.com\/index.php?rest_route=%2Fwp%2Fv2%2Fcomments&post=1170"}],"version-history":[{"count":0,"href":"https:\/\/tarimhaber.com\/index.php?rest_route=\/wp\/v2\/posts\/1170\/revisions"}],"wp:attachment":[{"href":"https:\/\/tarimhaber.com\/index.php?rest_route=%2Fwp%2Fv2%2Fmedia&parent=1170"}],"wp:term":[{"taxonomy":"category","embeddable":true,"href":"https:\/\/tarimhaber.com\/index.php?rest_route=%2Fwp%2Fv2%2Fcategories&post=1170"},{"taxonomy":"post_tag","embeddable":true,"href":"https:\/\/tarimhaber.com\/index.php?rest_route=%2Fwp%2Fv2%2Ftags&post=1170"}],"curies":[{"name":"wp","href":"https:\/\/api.w.org\/{rel}","templated":true}]}}