{"id":1185,"date":"2009-08-29T22:23:53","date_gmt":"2009-08-29T22:23:53","guid":{"rendered":"http:\/\/tarimhaber.com\/?p=1185"},"modified":"2009-08-29T22:23:53","modified_gmt":"2009-08-29T22:23:53","slug":"kara-incir-fiyati-dip-yapti-uretici-dalinda-birakti","status":"publish","type":"post","link":"https:\/\/tarimhaber.com\/?p=1185","title":{"rendered":"Kara Incir Fiyat\u0131 Dip Yapt\u0131, \u00fcretici Dal\u0131nda B\u0131rakt\u0131"},"content":{"rendered":"<p>Siyah incirin anavatan\u0131 Bursa&#8217;da, ihracat al\u0131mlar\u0131n\u0131n ge\u00e7 ba\u015flamas\u0131, T\u00fcrkiye pazar\u0131nda arz patlamas\u0131na yol a\u00e7arken, halde fiyatlar 50 kuru\u015fa kadar d\u00fc\u015ft\u00fc. Ge\u00e7en y\u0131l 3 lira olan ihracatl\u0131k incirde al\u0131mlar ise bir haftada t\u00fcccar taraf\u0131ndan 1-1,5 liraya getirilince \u00fcreticiler kara kara d\u00fc\u015f\u00fcnmeye ba\u015flad\u0131. &#8216;\u0130nciri dal\u0131nda b\u0131rak\u0131p toplamayaca\u011f\u0131z, oca\u011f\u0131m\u0131za incir a\u011fac\u0131 dikildi&#8217; diyen \u00fcreticileri ziyaret eden CHP Bursa Milletvekili Kemal Demirel, s\u0131k\u0131nt\u0131y\u0131 Meclis&#8217;e (TBMM) ta\u015f\u0131ma s\u00f6z\u00fc verirken, Tar\u0131m<br \/>\n\u0130l M\u00fcd\u00fcrl\u00fc\u011f\u00fc yetkilileri ise \u00fcreticilerin erken olgunla\u015fmay\u0131 sa\u011flamak i\u00e7in ila\u00e7 kullanmas\u0131n\u0131n bu neticeyi do\u011furdu\u011funu a\u00e7\u0131klad\u0131.<\/p>\n","protected":false},"excerpt":{"rendered":"<p>Siyah incirin anavatan\u0131 Bursa&#8217;da, ihracat al\u0131mlar\u0131n\u0131n ge\u00e7 ba\u015flamas\u0131, T\u00fcrkiye pazar\u0131nda arz patlamas\u0131na yol a\u00e7arken, halde fiyatlar 50 kuru\u015fa kadar d\u00fc\u015ft\u00fc. Ge\u00e7en y\u0131l 3 lira olan ihracatl\u0131k incirde al\u0131mlar ise bir&hellip;<\/p>\n","protected":false},"author":1,"featured_media":0,"comment_status":"open","ping_status":"open","sticky":false,"template":"","format":"standard","meta":{"footnotes":""},"categories":[2],"tags":[],"class_list":["post-1185","post","type-post","status-publish","format-standard","hentry","category-tarimgentr"],"_links":{"self":[{"href":"https:\/\/tarimhaber.com\/index.php?rest_route=\/wp\/v2\/posts\/1185","targetHints":{"allow":["GET"]}}],"collection":[{"href":"https:\/\/tarimhaber.com\/index.php?rest_route=\/wp\/v2\/posts"}],"about":[{"href":"https:\/\/tarimhaber.com\/index.php?rest_route=\/wp\/v2\/types\/post"}],"author":[{"embeddable":true,"href":"https:\/\/tarimhaber.com\/index.php?rest_route=\/wp\/v2\/users\/1"}],"replies":[{"embeddable":true,"href":"https:\/\/tarimhaber.com\/index.php?rest_route=%2Fwp%2Fv2%2Fcomments&post=1185"}],"version-history":[{"count":0,"href":"https:\/\/tarimhaber.com\/index.php?rest_route=\/wp\/v2\/posts\/1185\/revisions"}],"wp:attachment":[{"href":"https:\/\/tarimhaber.com\/index.php?rest_route=%2Fwp%2Fv2%2Fmedia&parent=1185"}],"wp:term":[{"taxonomy":"category","embeddable":true,"href":"https:\/\/tarimhaber.com\/index.php?rest_route=%2Fwp%2Fv2%2Fcategories&post=1185"},{"taxonomy":"post_tag","embeddable":true,"href":"https:\/\/tarimhaber.com\/index.php?rest_route=%2Fwp%2Fv2%2Ftags&post=1185"}],"curies":[{"name":"wp","href":"https:\/\/api.w.org\/{rel}","templated":true}]}}