{"id":1196,"date":"2009-09-10T06:54:20","date_gmt":"2009-09-10T06:54:20","guid":{"rendered":"http:\/\/tarimhaber.com\/?p=1196"},"modified":"2009-09-10T06:54:20","modified_gmt":"2009-09-10T06:54:20","slug":"bakan-eker-turkiye-ithal-ettigi-bugdayin-tamamini-ihrac-etmektedir","status":"publish","type":"post","link":"https:\/\/tarimhaber.com\/?p=1196","title":{"rendered":"Bakan Eker, \u201cT\u00fcrkiye ithal etti\u011fi bu\u011fday\u0131n tamam\u0131n\u0131 ihra\u00e7 etmektedir\u201d"},"content":{"rendered":"<p>Tar\u0131m ve K\u00f6yi\u015fleri Bakan\u0131 Mehmet Mehdi Eker, bu\u011fday ithalat\u0131n\u0131n ihtiyac\u0131 kar\u015f\u0131lamak \u00fczere de\u011fil ticari olarak, dahilde i\u015fleme rejimi kapsam\u0131nda ihra\u00e7 amac\u0131yla yap\u0131ld\u0131\u011f\u0131n\u0131 s\u00f6yledi. Bakan Eker, \u201cT\u00fcrkiye kurakl\u0131ktan en \u00e7ok etkilendi\u011fi y\u0131lda bile ihtiya\u00e7 sebebiyle bu\u011fday ithalat\u0131 yapmad\u0131. Bu\u011fday ithalat\u0131, ihracat amac\u0131yla ger\u00e7ekle\u015fti\u201d diye konu\u015ftu.<\/p>\n","protected":false},"excerpt":{"rendered":"<p>Tar\u0131m ve K\u00f6yi\u015fleri Bakan\u0131 Mehmet Mehdi Eker, bu\u011fday ithalat\u0131n\u0131n ihtiyac\u0131 kar\u015f\u0131lamak \u00fczere de\u011fil ticari olarak, dahilde i\u015fleme rejimi kapsam\u0131nda ihra\u00e7 amac\u0131yla yap\u0131ld\u0131\u011f\u0131n\u0131 s\u00f6yledi. Bakan Eker, \u201cT\u00fcrkiye kurakl\u0131ktan en \u00e7ok etkilendi\u011fi&hellip;<\/p>\n","protected":false},"author":1,"featured_media":0,"comment_status":"open","ping_status":"open","sticky":false,"template":"","format":"standard","meta":{"footnotes":""},"categories":[2],"tags":[3221],"class_list":["post-1196","post","type-post","status-publish","format-standard","hentry","category-tarimgentr","tag-http-www-tarim-gov-tr"],"_links":{"self":[{"href":"https:\/\/tarimhaber.com\/index.php?rest_route=\/wp\/v2\/posts\/1196","targetHints":{"allow":["GET"]}}],"collection":[{"href":"https:\/\/tarimhaber.com\/index.php?rest_route=\/wp\/v2\/posts"}],"about":[{"href":"https:\/\/tarimhaber.com\/index.php?rest_route=\/wp\/v2\/types\/post"}],"author":[{"embeddable":true,"href":"https:\/\/tarimhaber.com\/index.php?rest_route=\/wp\/v2\/users\/1"}],"replies":[{"embeddable":true,"href":"https:\/\/tarimhaber.com\/index.php?rest_route=%2Fwp%2Fv2%2Fcomments&post=1196"}],"version-history":[{"count":0,"href":"https:\/\/tarimhaber.com\/index.php?rest_route=\/wp\/v2\/posts\/1196\/revisions"}],"wp:attachment":[{"href":"https:\/\/tarimhaber.com\/index.php?rest_route=%2Fwp%2Fv2%2Fmedia&parent=1196"}],"wp:term":[{"taxonomy":"category","embeddable":true,"href":"https:\/\/tarimhaber.com\/index.php?rest_route=%2Fwp%2Fv2%2Fcategories&post=1196"},{"taxonomy":"post_tag","embeddable":true,"href":"https:\/\/tarimhaber.com\/index.php?rest_route=%2Fwp%2Fv2%2Ftags&post=1196"}],"curies":[{"name":"wp","href":"https:\/\/api.w.org\/{rel}","templated":true}]}}