{"id":1201,"date":"2009-09-25T06:06:59","date_gmt":"2009-09-25T06:06:59","guid":{"rendered":"http:\/\/tarimhaber.com\/?p=1201"},"modified":"2009-09-25T06:06:59","modified_gmt":"2009-09-25T06:06:59","slug":"sel-riski-neden-tarim-sigortasi-kapsaminda-yer-almiyor","status":"publish","type":"post","link":"https:\/\/tarimhaber.com\/?p=1201","title":{"rendered":"Sel riski neden tar\u0131m sigortas\u0131 kapsam\u0131nda yer alm\u0131yor"},"content":{"rendered":"<p>T\u00fcrkiye Ziraat\u00e7\u0131lar Derne\u011fi Ba\u015fkan\u0131 \u0130brahim Yetkin, sel felaketi sonras\u0131 aynen \u015fu a\u00e7\u0131klamalar\u0131 yap\u0131yor: &#8220;Trakya b\u00f6lgesinde meydana gelen ya\u011f\u0131\u015flar ve ya\u011f\u0131\u015flar\u0131n neden oldu\u011fu seller, do\u011fal afet durumuna gelerek pek \u00e7ok can ve mal kayb\u0131na neden oldu. \u00d6zellikle Trakya&#8217;da tar\u0131m alanlar\u0131nda \u00f6nemli zararlar olu\u015ftu. T\u00fcrkiye&#8217;de \u00e7ift\u00e7ilerin yeti\u015ftirdikleri \u00fcr\u00fcnlerin do\u011fal afetlerde zarar g\u00f6rmesi durumunda; devlet destekli tar\u0131m sigortas\u0131 uygulamas\u0131 ya da 2090 say\u0131l\u0131 Tabii Afetlerden Zarar G\u00f6ren \u00c7ift\u00e7ilere Yap\u0131lacak Yard\u0131mlar Hakk\u0131nda Kanun ile korunuyor. Ancak \u015fu anda ya\u015fanan sel afeti konusunda her iki mekanizma da \u00fcreticilerimizi korumak anlam\u0131nda pek i\u015fe yaramamaktad\u0131r. Devlet destekli tar\u0131m sigortas\u0131 bitkisel \u00fcretimde sel bask\u0131nlar\u0131n\u0131 teminat kapsam\u0131na almamaktad\u0131r. O nedenle devlet destekli tar\u0131m sigortas\u0131n\u0131n kapsam\u0131 geni\u015fletilerek sel bask\u0131nlar\u0131n\u0131n da teminat kapsam\u0131na al\u0131nmas\u0131 gerekmektedir.&#8221;<\/p>\n","protected":false},"excerpt":{"rendered":"<p>T\u00fcrkiye Ziraat\u00e7\u0131lar Derne\u011fi Ba\u015fkan\u0131 \u0130brahim Yetkin, sel felaketi sonras\u0131 aynen \u015fu a\u00e7\u0131klamalar\u0131 yap\u0131yor: &#8220;Trakya b\u00f6lgesinde meydana gelen ya\u011f\u0131\u015flar ve ya\u011f\u0131\u015flar\u0131n neden oldu\u011fu seller, do\u011fal afet durumuna gelerek pek \u00e7ok can&hellip;<\/p>\n","protected":false},"author":1,"featured_media":0,"comment_status":"open","ping_status":"open","sticky":false,"template":"","format":"standard","meta":{"footnotes":""},"categories":[2],"tags":[2912],"class_list":["post-1201","post","type-post","status-publish","format-standard","hentry","category-tarimgentr","tag-http-www-referansgazetesi-com"],"_links":{"self":[{"href":"https:\/\/tarimhaber.com\/index.php?rest_route=\/wp\/v2\/posts\/1201","targetHints":{"allow":["GET"]}}],"collection":[{"href":"https:\/\/tarimhaber.com\/index.php?rest_route=\/wp\/v2\/posts"}],"about":[{"href":"https:\/\/tarimhaber.com\/index.php?rest_route=\/wp\/v2\/types\/post"}],"author":[{"embeddable":true,"href":"https:\/\/tarimhaber.com\/index.php?rest_route=\/wp\/v2\/users\/1"}],"replies":[{"embeddable":true,"href":"https:\/\/tarimhaber.com\/index.php?rest_route=%2Fwp%2Fv2%2Fcomments&post=1201"}],"version-history":[{"count":0,"href":"https:\/\/tarimhaber.com\/index.php?rest_route=\/wp\/v2\/posts\/1201\/revisions"}],"wp:attachment":[{"href":"https:\/\/tarimhaber.com\/index.php?rest_route=%2Fwp%2Fv2%2Fmedia&parent=1201"}],"wp:term":[{"taxonomy":"category","embeddable":true,"href":"https:\/\/tarimhaber.com\/index.php?rest_route=%2Fwp%2Fv2%2Fcategories&post=1201"},{"taxonomy":"post_tag","embeddable":true,"href":"https:\/\/tarimhaber.com\/index.php?rest_route=%2Fwp%2Fv2%2Ftags&post=1201"}],"curies":[{"name":"wp","href":"https:\/\/api.w.org\/{rel}","templated":true}]}}