{"id":1211,"date":"2009-10-12T11:09:10","date_gmt":"2009-10-12T11:09:10","guid":{"rendered":"http:\/\/tarimhaber.com\/?p=1211"},"modified":"2009-10-12T11:09:10","modified_gmt":"2009-10-12T11:09:10","slug":"turk-tarimi-abye-guc-katacak","status":"publish","type":"post","link":"https:\/\/tarimhaber.com\/?p=1211","title":{"rendered":"T\u00fcrk tar\u0131m\u0131 AB&#8217;ye g\u00fc\u00e7 katacak"},"content":{"rendered":"<p>K\u00f6ln&#8217;deki d\u00fcnyan\u0131n en b\u00fcy\u00fck g\u0131da fuar\u0131na kat\u0131lan Tar\u0131m ve K\u00f6yi\u015fleri Bakan\u0131 Mehmet Mehdi Eker, d\u00fcn Alman meslekta\u015f\u0131 \u0130lse Aigner ile bir araya geldi. Eker Alman bakana &#8220;T\u00fcrk tar\u0131m\u0131 AB&#8217;ye g\u00fc\u00e7 katacak&#8221; dedi.<\/p>\n","protected":false},"excerpt":{"rendered":"<p>K\u00f6ln&#8217;deki d\u00fcnyan\u0131n en b\u00fcy\u00fck g\u0131da fuar\u0131na kat\u0131lan Tar\u0131m ve K\u00f6yi\u015fleri Bakan\u0131 Mehmet Mehdi Eker, d\u00fcn Alman meslekta\u015f\u0131 \u0130lse Aigner ile bir araya geldi. Eker Alman bakana &#8220;T\u00fcrk tar\u0131m\u0131 AB&#8217;ye g\u00fc\u00e7&hellip;<\/p>\n","protected":false},"author":1,"featured_media":0,"comment_status":"open","ping_status":"open","sticky":false,"template":"","format":"standard","meta":{"footnotes":""},"categories":[2],"tags":[],"class_list":["post-1211","post","type-post","status-publish","format-standard","hentry","category-tarimgentr"],"_links":{"self":[{"href":"https:\/\/tarimhaber.com\/index.php?rest_route=\/wp\/v2\/posts\/1211","targetHints":{"allow":["GET"]}}],"collection":[{"href":"https:\/\/tarimhaber.com\/index.php?rest_route=\/wp\/v2\/posts"}],"about":[{"href":"https:\/\/tarimhaber.com\/index.php?rest_route=\/wp\/v2\/types\/post"}],"author":[{"embeddable":true,"href":"https:\/\/tarimhaber.com\/index.php?rest_route=\/wp\/v2\/users\/1"}],"replies":[{"embeddable":true,"href":"https:\/\/tarimhaber.com\/index.php?rest_route=%2Fwp%2Fv2%2Fcomments&post=1211"}],"version-history":[{"count":0,"href":"https:\/\/tarimhaber.com\/index.php?rest_route=\/wp\/v2\/posts\/1211\/revisions"}],"wp:attachment":[{"href":"https:\/\/tarimhaber.com\/index.php?rest_route=%2Fwp%2Fv2%2Fmedia&parent=1211"}],"wp:term":[{"taxonomy":"category","embeddable":true,"href":"https:\/\/tarimhaber.com\/index.php?rest_route=%2Fwp%2Fv2%2Fcategories&post=1211"},{"taxonomy":"post_tag","embeddable":true,"href":"https:\/\/tarimhaber.com\/index.php?rest_route=%2Fwp%2Fv2%2Ftags&post=1211"}],"curies":[{"name":"wp","href":"https:\/\/api.w.org\/{rel}","templated":true}]}}