{"id":1217,"date":"2009-10-19T08:06:51","date_gmt":"2009-10-19T08:06:51","guid":{"rendered":"http:\/\/tarimhaber.com\/?p=1217"},"modified":"2009-10-19T08:06:51","modified_gmt":"2009-10-19T08:06:51","slug":"sut-ureticilerine-fon-mujdesi","status":"publish","type":"post","link":"https:\/\/tarimhaber.com\/?p=1217","title":{"rendered":"S\u00fct \u00fcreticilerine fon m\u00fcjdesi"},"content":{"rendered":"<p>Avrupa Birli\u011fi \u00fcyesi \u00fclkelerin tar\u0131m bakanlar\u0131, s\u00fct \u00fcreticilerine te\u015fvik olanaklar\u0131n\u0131 g\u00f6r\u00fc\u015fmek \u00fczere bug\u00fcn L\u00fcksemburg&#8217;da bir araya geldi. Avrupa Birli\u011fi Komisyonu&#8217;nun tar\u0131mdan sorumlu \u00fcyesi Mariann Fischer Boel, 280 milyon Euro&#8217;luk bir s\u00fct fonu kurulmas\u0131n\u0131 \u00f6nerdi. Boel, s\u00fct fonunun 2010 y\u0131l\u0131 b\u00fct\u00e7esinde yer almas\u0131n\u0131n planland\u0131\u011f\u0131n\u0131, ancak daha \u00f6ncesinde AB \u00fcyesi \u00fclkelerin maliye bakanlar\u0131 ile Avrupa Parlamentosu&#8217;nun bu fonun olu\u015fturulmas\u0131na onay vermesi gerekti\u011fini s\u00f6yledi. \u00d6zellikle Almanya, Fransa ve Benel\u00fcks \u00fclkelerinde s\u00fct fiyatlar\u0131n\u0131n d\u00fc\u015f\u00fck seviyede seyretmesi pek \u00e7ok s\u00fct \u00fcreticisini iflas tehlikesi ile kar\u015f\u0131 kar\u015f\u0131ya b\u0131rak\u0131yor. \u00dcreticiler aylard\u0131r protestolar\u0131n\u0131 s\u00fcrd\u00fcr\u00fcyor.<\/p>\n","protected":false},"excerpt":{"rendered":"<p>Avrupa Birli\u011fi \u00fcyesi \u00fclkelerin tar\u0131m bakanlar\u0131, s\u00fct \u00fcreticilerine te\u015fvik olanaklar\u0131n\u0131 g\u00f6r\u00fc\u015fmek \u00fczere bug\u00fcn L\u00fcksemburg&#8217;da bir araya geldi. Avrupa Birli\u011fi Komisyonu&#8217;nun tar\u0131mdan sorumlu \u00fcyesi Mariann Fischer Boel, 280 milyon Euro&#8217;luk bir&hellip;<\/p>\n","protected":false},"author":1,"featured_media":0,"comment_status":"open","ping_status":"open","sticky":false,"template":"","format":"standard","meta":{"footnotes":""},"categories":[2],"tags":[],"class_list":["post-1217","post","type-post","status-publish","format-standard","hentry","category-tarimgentr"],"_links":{"self":[{"href":"https:\/\/tarimhaber.com\/index.php?rest_route=\/wp\/v2\/posts\/1217","targetHints":{"allow":["GET"]}}],"collection":[{"href":"https:\/\/tarimhaber.com\/index.php?rest_route=\/wp\/v2\/posts"}],"about":[{"href":"https:\/\/tarimhaber.com\/index.php?rest_route=\/wp\/v2\/types\/post"}],"author":[{"embeddable":true,"href":"https:\/\/tarimhaber.com\/index.php?rest_route=\/wp\/v2\/users\/1"}],"replies":[{"embeddable":true,"href":"https:\/\/tarimhaber.com\/index.php?rest_route=%2Fwp%2Fv2%2Fcomments&post=1217"}],"version-history":[{"count":0,"href":"https:\/\/tarimhaber.com\/index.php?rest_route=\/wp\/v2\/posts\/1217\/revisions"}],"wp:attachment":[{"href":"https:\/\/tarimhaber.com\/index.php?rest_route=%2Fwp%2Fv2%2Fmedia&parent=1217"}],"wp:term":[{"taxonomy":"category","embeddable":true,"href":"https:\/\/tarimhaber.com\/index.php?rest_route=%2Fwp%2Fv2%2Fcategories&post=1217"},{"taxonomy":"post_tag","embeddable":true,"href":"https:\/\/tarimhaber.com\/index.php?rest_route=%2Fwp%2Fv2%2Ftags&post=1217"}],"curies":[{"name":"wp","href":"https:\/\/api.w.org\/{rel}","templated":true}]}}