{"id":1224,"date":"2009-10-21T06:15:07","date_gmt":"2009-10-21T06:15:07","guid":{"rendered":"http:\/\/tarimhaber.com\/?p=1224"},"modified":"2009-10-21T06:15:07","modified_gmt":"2009-10-21T06:15:07","slug":"krizden-cikis-arayan-izmirli-sanayici-tarima-yoneldi","status":"publish","type":"post","link":"https:\/\/tarimhaber.com\/?p=1224","title":{"rendered":"Krizden \u00e7\u0131k\u0131\u015f arayan \u0130zmirli sanayici tar\u0131ma y\u00f6neldi"},"content":{"rendered":"<p>\u0130zmir Atat\u00fcrk Organize Sanayi B\u00f6lgesi (\u0130AOSB) Y\u00f6netim Kurulu Ba\u015fkan\u0131 Hilmi U\u011furta\u015f, \u00e7ok ortakl\u0131 bir \u015firket kurarak, tar\u0131m ve hayvanc\u0131l\u0131\u011fa yat\u0131r\u0131m yapma karar\u0131 ald\u0131klar\u0131n\u0131 s\u00f6yledi.<\/p>\n","protected":false},"excerpt":{"rendered":"<p>\u0130zmir Atat\u00fcrk Organize Sanayi B\u00f6lgesi (\u0130AOSB) Y\u00f6netim Kurulu Ba\u015fkan\u0131 Hilmi U\u011furta\u015f, \u00e7ok ortakl\u0131 bir \u015firket kurarak, tar\u0131m ve hayvanc\u0131l\u0131\u011fa yat\u0131r\u0131m yapma karar\u0131 ald\u0131klar\u0131n\u0131 s\u00f6yledi.<\/p>\n","protected":false},"author":1,"featured_media":0,"comment_status":"open","ping_status":"open","sticky":false,"template":"","format":"standard","meta":{"footnotes":""},"categories":[2],"tags":[],"class_list":["post-1224","post","type-post","status-publish","format-standard","hentry","category-tarimgentr"],"_links":{"self":[{"href":"https:\/\/tarimhaber.com\/index.php?rest_route=\/wp\/v2\/posts\/1224","targetHints":{"allow":["GET"]}}],"collection":[{"href":"https:\/\/tarimhaber.com\/index.php?rest_route=\/wp\/v2\/posts"}],"about":[{"href":"https:\/\/tarimhaber.com\/index.php?rest_route=\/wp\/v2\/types\/post"}],"author":[{"embeddable":true,"href":"https:\/\/tarimhaber.com\/index.php?rest_route=\/wp\/v2\/users\/1"}],"replies":[{"embeddable":true,"href":"https:\/\/tarimhaber.com\/index.php?rest_route=%2Fwp%2Fv2%2Fcomments&post=1224"}],"version-history":[{"count":0,"href":"https:\/\/tarimhaber.com\/index.php?rest_route=\/wp\/v2\/posts\/1224\/revisions"}],"wp:attachment":[{"href":"https:\/\/tarimhaber.com\/index.php?rest_route=%2Fwp%2Fv2%2Fmedia&parent=1224"}],"wp:term":[{"taxonomy":"category","embeddable":true,"href":"https:\/\/tarimhaber.com\/index.php?rest_route=%2Fwp%2Fv2%2Fcategories&post=1224"},{"taxonomy":"post_tag","embeddable":true,"href":"https:\/\/tarimhaber.com\/index.php?rest_route=%2Fwp%2Fv2%2Ftags&post=1224"}],"curies":[{"name":"wp","href":"https:\/\/api.w.org\/{rel}","templated":true}]}}