{"id":1229,"date":"2009-10-27T11:39:15","date_gmt":"2009-10-27T11:39:15","guid":{"rendered":"http:\/\/tarimhaber.com\/?p=1229"},"modified":"2009-10-27T11:39:15","modified_gmt":"2009-10-27T11:39:15","slug":"zeytine-duyulan-ilgi-akdeniz-bolgesinde-yeniden-artiyor","status":"publish","type":"post","link":"https:\/\/tarimhaber.com\/?p=1229","title":{"rendered":"Zeytine duyulan ilgi Akdeniz B\u00f6lgesi&#8217;nde yeniden art\u0131yor."},"content":{"rendered":"<p>Anadolu&#8217;da ya\u015fayan medeniyetlerin ekonomisini canl\u0131 tutan ve ihracatlar\u0131na y\u00f6n veren zeytine duyulan ilgi Akdeniz B\u00f6lgesi&#8217;nde yeniden art\u0131yor.<br \/>\nGe\u00e7mi\u015fte yap\u0131lan yanl\u0131\u015f uygulamalarla makilik alanlardaki zeytin a\u011fa\u00e7lar\u0131n kesilmesi sebebiyle zeytinin kaybolan itibar\u0131, bug\u00fcn sa\u011flad\u0131\u011f\u0131 ekonomik de\u011fer ile yeniden canlan\u0131yor. Bir d\u00f6neme kadar d\u00fcnyaca \u00fcnl\u00fc Lamas limonu ile tan\u0131nan Mersin&#8217;in Erdemli il\u00e7esinde bah\u00e7e kenarlar\u0131nda \u00e7it bitkisi olarak dikilen zeytin art\u0131k b\u00f6lgenin yeni ekonomik g\u00fcc\u00fc. Zeytin, ailelerin g\u00fcnl\u00fck ihtiyac\u0131ndan \u00e7ok, getirdi\u011fi gelir ile \u00fcreticinin y\u00f6neldi\u011fi alternatif \u00fcr\u00fcnlerin i\u00e7inde birinci s\u0131ray\u0131 al\u0131yor.<\/p>\n","protected":false},"excerpt":{"rendered":"<p>Anadolu&#8217;da ya\u015fayan medeniyetlerin ekonomisini canl\u0131 tutan ve ihracatlar\u0131na y\u00f6n veren zeytine duyulan ilgi Akdeniz B\u00f6lgesi&#8217;nde yeniden art\u0131yor. Ge\u00e7mi\u015fte yap\u0131lan yanl\u0131\u015f uygulamalarla makilik alanlardaki zeytin a\u011fa\u00e7lar\u0131n kesilmesi sebebiyle zeytinin kaybolan itibar\u0131,&hellip;<\/p>\n","protected":false},"author":1,"featured_media":0,"comment_status":"open","ping_status":"open","sticky":false,"template":"","format":"standard","meta":{"footnotes":""},"categories":[2],"tags":[],"class_list":["post-1229","post","type-post","status-publish","format-standard","hentry","category-tarimgentr"],"_links":{"self":[{"href":"https:\/\/tarimhaber.com\/index.php?rest_route=\/wp\/v2\/posts\/1229","targetHints":{"allow":["GET"]}}],"collection":[{"href":"https:\/\/tarimhaber.com\/index.php?rest_route=\/wp\/v2\/posts"}],"about":[{"href":"https:\/\/tarimhaber.com\/index.php?rest_route=\/wp\/v2\/types\/post"}],"author":[{"embeddable":true,"href":"https:\/\/tarimhaber.com\/index.php?rest_route=\/wp\/v2\/users\/1"}],"replies":[{"embeddable":true,"href":"https:\/\/tarimhaber.com\/index.php?rest_route=%2Fwp%2Fv2%2Fcomments&post=1229"}],"version-history":[{"count":0,"href":"https:\/\/tarimhaber.com\/index.php?rest_route=\/wp\/v2\/posts\/1229\/revisions"}],"wp:attachment":[{"href":"https:\/\/tarimhaber.com\/index.php?rest_route=%2Fwp%2Fv2%2Fmedia&parent=1229"}],"wp:term":[{"taxonomy":"category","embeddable":true,"href":"https:\/\/tarimhaber.com\/index.php?rest_route=%2Fwp%2Fv2%2Fcategories&post=1229"},{"taxonomy":"post_tag","embeddable":true,"href":"https:\/\/tarimhaber.com\/index.php?rest_route=%2Fwp%2Fv2%2Ftags&post=1229"}],"curies":[{"name":"wp","href":"https:\/\/api.w.org\/{rel}","templated":true}]}}