{"id":1235,"date":"2009-10-28T17:05:49","date_gmt":"2009-10-28T17:05:49","guid":{"rendered":"http:\/\/tarimhaber.com\/?p=1235"},"modified":"2009-10-28T17:05:49","modified_gmt":"2009-10-28T17:05:49","slug":"ayvalikzeytinyaginin-baskenti-olacak","status":"publish","type":"post","link":"https:\/\/tarimhaber.com\/?p=1235","title":{"rendered":"Ayval\u0131k,zeytinya\u011f\u0131n\u0131n ba\u015fkenti olacak"},"content":{"rendered":"<p>Zeytin ve zeytinya\u011f\u0131n\u0131n ba\u015fkenti Ayval\u0131k&#8217;ta zeytin severler, 5. Ayval\u0131k Zeytin Hasad\u0131 ve Ayval\u0131k Zeytinya\u011f\u0131 Pazar\u0131&#8217;nda bulu\u015facak. Ayval\u0131k Belediyesi ve Ticaret Odas\u0131&#8217;n\u0131n ortakla\u015fa d\u00fczenledi\u011fi 5. Ayval\u0131k Zeytinya\u011f\u0131 Pazar\u0131, \u0130smet \u0130n\u00f6n\u00fc K\u00fclt\u00fcr Merkezi&#8217;nde 6-7-8 Kas\u0131m tarihleri aras\u0131nda d\u00fczenlenecek. Ayval\u0131k&#8217;\u0131n tarihi dokusunun yan\u0131 s\u0131ra sa\u011fl\u0131kl\u0131 bir ya\u015fam\u0131n par\u00e7as\u0131 olan zeytinya\u011f\u0131n\u0131 geni\u015f bir platformda tan\u0131tmak, tatmak ve tan\u0131mak isteyenler Ayval\u0131k Zeytinya\u011f\u0131 Pazar\u0131&#8217;nda bulu\u015facak.<\/p>\n","protected":false},"excerpt":{"rendered":"<p>Zeytin ve zeytinya\u011f\u0131n\u0131n ba\u015fkenti Ayval\u0131k&#8217;ta zeytin severler, 5. Ayval\u0131k Zeytin Hasad\u0131 ve Ayval\u0131k Zeytinya\u011f\u0131 Pazar\u0131&#8217;nda bulu\u015facak. Ayval\u0131k Belediyesi ve Ticaret Odas\u0131&#8217;n\u0131n ortakla\u015fa d\u00fczenledi\u011fi 5. Ayval\u0131k Zeytinya\u011f\u0131 Pazar\u0131, \u0130smet \u0130n\u00f6n\u00fc K\u00fclt\u00fcr&hellip;<\/p>\n","protected":false},"author":1,"featured_media":0,"comment_status":"open","ping_status":"open","sticky":false,"template":"","format":"standard","meta":{"footnotes":""},"categories":[2],"tags":[],"class_list":["post-1235","post","type-post","status-publish","format-standard","hentry","category-tarimgentr"],"_links":{"self":[{"href":"https:\/\/tarimhaber.com\/index.php?rest_route=\/wp\/v2\/posts\/1235","targetHints":{"allow":["GET"]}}],"collection":[{"href":"https:\/\/tarimhaber.com\/index.php?rest_route=\/wp\/v2\/posts"}],"about":[{"href":"https:\/\/tarimhaber.com\/index.php?rest_route=\/wp\/v2\/types\/post"}],"author":[{"embeddable":true,"href":"https:\/\/tarimhaber.com\/index.php?rest_route=\/wp\/v2\/users\/1"}],"replies":[{"embeddable":true,"href":"https:\/\/tarimhaber.com\/index.php?rest_route=%2Fwp%2Fv2%2Fcomments&post=1235"}],"version-history":[{"count":0,"href":"https:\/\/tarimhaber.com\/index.php?rest_route=\/wp\/v2\/posts\/1235\/revisions"}],"wp:attachment":[{"href":"https:\/\/tarimhaber.com\/index.php?rest_route=%2Fwp%2Fv2%2Fmedia&parent=1235"}],"wp:term":[{"taxonomy":"category","embeddable":true,"href":"https:\/\/tarimhaber.com\/index.php?rest_route=%2Fwp%2Fv2%2Fcategories&post=1235"},{"taxonomy":"post_tag","embeddable":true,"href":"https:\/\/tarimhaber.com\/index.php?rest_route=%2Fwp%2Fv2%2Ftags&post=1235"}],"curies":[{"name":"wp","href":"https:\/\/api.w.org\/{rel}","templated":true}]}}