{"id":1238,"date":"2009-10-31T07:59:16","date_gmt":"2009-10-31T07:59:16","guid":{"rendered":"http:\/\/tarimhaber.com\/?p=1238"},"modified":"2009-10-31T07:59:16","modified_gmt":"2009-10-31T07:59:16","slug":"kurbanlik-fiyatlarinda-yuzde-100luk-artis-bekleniyor","status":"publish","type":"post","link":"https:\/\/tarimhaber.com\/?p=1238","title":{"rendered":"Kurbanl\u0131k fiyatlar\u0131nda y\u00fczde 100&#8217;l\u00fck art\u0131\u015f bekleniyor"},"content":{"rendered":"<p>Et fiyatlar\u0131nda son d\u00f6nemde ya\u015fanan art\u0131\u015f\u0131n ard\u0131ndan g\u00f6zler kurbanl\u0131k fiyatlar\u0131na \u00e7evrildi. T\u00fcrkiye&#8217;deki k\u00fc\u00e7\u00fckba\u015f hayvan varl\u0131\u011f\u0131n\u0131n gerilemesi, kom\u015fu \u00fclkelere yap\u0131lan ihracattaki art\u0131\u015f gibi nedenlerle kurbanl\u0131k fiyatlar\u0131n\u0131n ge\u00e7en seneye oranla iki kat y\u00fckselece\u011fi tahmin ediliyor.<br \/>\n\u0130zmir Perakendeci Kasaplar Odas\u0131 ve \u0130zmir Besiciler Derne\u011fi Ba\u015fkan\u0131 Ayd\u0131n Mestanl\u0131, T\u00fcrkiye&#8217;den baz\u0131 kom\u015fu \u00fclkelere b\u00fcy\u00fck miktarda k\u00fc\u00e7\u00fck ba\u015f hayvan ihracat\u0131 yap\u0131ld\u0131\u011f\u0131n\u0131, i\u00e7 piyasadaki hayvan say\u0131s\u0131n\u0131n azalmas\u0131yla fiyatlar\u0131n y\u00fckseli\u015fe ge\u00e7ti\u011fini dile getirdi.<\/p>\n","protected":false},"excerpt":{"rendered":"<p>Et fiyatlar\u0131nda son d\u00f6nemde ya\u015fanan art\u0131\u015f\u0131n ard\u0131ndan g\u00f6zler kurbanl\u0131k fiyatlar\u0131na \u00e7evrildi. T\u00fcrkiye&#8217;deki k\u00fc\u00e7\u00fckba\u015f hayvan varl\u0131\u011f\u0131n\u0131n gerilemesi, kom\u015fu \u00fclkelere yap\u0131lan ihracattaki art\u0131\u015f gibi nedenlerle kurbanl\u0131k fiyatlar\u0131n\u0131n ge\u00e7en seneye oranla iki kat&hellip;<\/p>\n","protected":false},"author":1,"featured_media":0,"comment_status":"open","ping_status":"open","sticky":false,"template":"","format":"standard","meta":{"footnotes":""},"categories":[2],"tags":[],"class_list":["post-1238","post","type-post","status-publish","format-standard","hentry","category-tarimgentr"],"_links":{"self":[{"href":"https:\/\/tarimhaber.com\/index.php?rest_route=\/wp\/v2\/posts\/1238","targetHints":{"allow":["GET"]}}],"collection":[{"href":"https:\/\/tarimhaber.com\/index.php?rest_route=\/wp\/v2\/posts"}],"about":[{"href":"https:\/\/tarimhaber.com\/index.php?rest_route=\/wp\/v2\/types\/post"}],"author":[{"embeddable":true,"href":"https:\/\/tarimhaber.com\/index.php?rest_route=\/wp\/v2\/users\/1"}],"replies":[{"embeddable":true,"href":"https:\/\/tarimhaber.com\/index.php?rest_route=%2Fwp%2Fv2%2Fcomments&post=1238"}],"version-history":[{"count":0,"href":"https:\/\/tarimhaber.com\/index.php?rest_route=\/wp\/v2\/posts\/1238\/revisions"}],"wp:attachment":[{"href":"https:\/\/tarimhaber.com\/index.php?rest_route=%2Fwp%2Fv2%2Fmedia&parent=1238"}],"wp:term":[{"taxonomy":"category","embeddable":true,"href":"https:\/\/tarimhaber.com\/index.php?rest_route=%2Fwp%2Fv2%2Fcategories&post=1238"},{"taxonomy":"post_tag","embeddable":true,"href":"https:\/\/tarimhaber.com\/index.php?rest_route=%2Fwp%2Fv2%2Ftags&post=1238"}],"curies":[{"name":"wp","href":"https:\/\/api.w.org\/{rel}","templated":true}]}}