{"id":1254,"date":"2009-12-15T09:20:54","date_gmt":"2009-12-15T09:20:54","guid":{"rendered":"http:\/\/tarimhaber.com\/?p=1254"},"modified":"2009-12-15T09:20:54","modified_gmt":"2009-12-15T09:20:54","slug":"zeytincilikte-onemli-degisim","status":"publish","type":"post","link":"https:\/\/tarimhaber.com\/?p=1254","title":{"rendered":"Zeytincilikte \u00d6nemli De\u011fi\u015fim"},"content":{"rendered":"<p>Tar\u0131m ve K\u00f6yi\u015fleri Bakanl\u0131\u011f\u0131n\u0131n Ta\u015fra Te\u015fkilat\u0131nda Yer Alan Edremit Zeytincilik \u00dcretme \u0130stasyonu M\u00fcd\u00fcrl\u00fc\u011f\u00fcn\u00fcn ad\u0131 Bug\u00fcnk\u00fc Resmi Gazete&#8217;de (15.12.2009) yay\u0131mlanan Bakanlar Kurulu Karar\u0131 ile Edremit Zeytincilik \u00dcretim, E\u011fitim ve Gen Merkezi M\u00fcd\u00fcrl\u00fc\u011f\u00fc olarak de\u011fi\u015ftirildi ve Do\u011frudan Merkeze Ba\u011fl\u0131 Ta\u015fra Te\u015fkilat\u0131na d\u00f6n\u00fc\u015ft\u00fcr\u00fcld\u00fc. Bundan sonra \u00fcretim faaliyetleri yan\u0131nda e\u011fitim programlar\u0131 d\u00fczenleyecek ve gen kaynaklar\u0131m\u0131z\u0131n korunmas\u0131 y\u00f6n\u00fcnde faaliyetler g\u00f6sterecektir.<\/p>\n","protected":false},"excerpt":{"rendered":"<p>Tar\u0131m ve K\u00f6yi\u015fleri Bakanl\u0131\u011f\u0131n\u0131n Ta\u015fra Te\u015fkilat\u0131nda Yer Alan Edremit Zeytincilik \u00dcretme \u0130stasyonu M\u00fcd\u00fcrl\u00fc\u011f\u00fcn\u00fcn ad\u0131 Bug\u00fcnk\u00fc Resmi Gazete&#8217;de (15.12.2009) yay\u0131mlanan Bakanlar Kurulu Karar\u0131 ile Edremit Zeytincilik \u00dcretim, E\u011fitim ve Gen Merkezi&hellip;<\/p>\n","protected":false},"author":1,"featured_media":0,"comment_status":"open","ping_status":"open","sticky":false,"template":"","format":"standard","meta":{"footnotes":""},"categories":[2],"tags":[],"class_list":["post-1254","post","type-post","status-publish","format-standard","hentry","category-tarimgentr"],"_links":{"self":[{"href":"https:\/\/tarimhaber.com\/index.php?rest_route=\/wp\/v2\/posts\/1254","targetHints":{"allow":["GET"]}}],"collection":[{"href":"https:\/\/tarimhaber.com\/index.php?rest_route=\/wp\/v2\/posts"}],"about":[{"href":"https:\/\/tarimhaber.com\/index.php?rest_route=\/wp\/v2\/types\/post"}],"author":[{"embeddable":true,"href":"https:\/\/tarimhaber.com\/index.php?rest_route=\/wp\/v2\/users\/1"}],"replies":[{"embeddable":true,"href":"https:\/\/tarimhaber.com\/index.php?rest_route=%2Fwp%2Fv2%2Fcomments&post=1254"}],"version-history":[{"count":0,"href":"https:\/\/tarimhaber.com\/index.php?rest_route=\/wp\/v2\/posts\/1254\/revisions"}],"wp:attachment":[{"href":"https:\/\/tarimhaber.com\/index.php?rest_route=%2Fwp%2Fv2%2Fmedia&parent=1254"}],"wp:term":[{"taxonomy":"category","embeddable":true,"href":"https:\/\/tarimhaber.com\/index.php?rest_route=%2Fwp%2Fv2%2Fcategories&post=1254"},{"taxonomy":"post_tag","embeddable":true,"href":"https:\/\/tarimhaber.com\/index.php?rest_route=%2Fwp%2Fv2%2Ftags&post=1254"}],"curies":[{"name":"wp","href":"https:\/\/api.w.org\/{rel}","templated":true}]}}