{"id":1256,"date":"2009-12-18T07:22:36","date_gmt":"2009-12-18T07:22:36","guid":{"rendered":"http:\/\/tarimhaber.com\/?p=1256"},"modified":"2009-12-18T07:22:36","modified_gmt":"2009-12-18T07:22:36","slug":"eker-gdoda10-yila-kadar-hapis-cezasi-geliyor","status":"publish","type":"post","link":"https:\/\/tarimhaber.com\/?p=1256","title":{"rendered":"Eker: GDO\u2019da10 y\u0131la kadar hapis cezas\u0131 geliyor"},"content":{"rendered":"<p>TARIM ve K\u00f6yi\u015fleri Bakan\u0131 Mehdi Eker, geneti\u011fi de\u011fi\u015ftirilmi\u015f organizmalarla (GDO) ilgili sa\u011fl\u0131\u011fa ayk\u0131r\u0131 hi\u00e7bir \u00fcr\u00fcn\u00fcn T\u00fcrkiye\u2019ye girmeyece\u011fini, bir bilimsel komitenin buna karar verece\u011fini bildirdi. Beylikd\u00fcz\u00fc T\u00dcYAP Fuar ve Kongre Merkezinde d\u00fczenlenen 4. Tar\u0131m, Hayvanc\u0131l\u0131k, Tohumculuk, Fidanc\u0131l\u0131k ve S\u00fct End\u00fcstrisi Fuar\u0131 (Avrasya Tar\u0131m 2009) fuar\u0131n\u0131n a\u00e7\u0131l\u0131\u015f\u0131nda gazetecilerin sorular\u0131n\u0131 yan\u0131tlayan Eker \u015f\u00f6yle konu\u015ftu: \u201cAyn\u0131 AB\u2019de oldu\u011fu gibi ithal edilecek \u00fcr\u00fcnler bilimsel komiteye gelecek. Bu komite risk de\u011ferlendirmesi yapacak. \u0130nsan ve hayvan sa\u011fl\u0131\u011f\u0131 a\u00e7\u0131s\u0131ndan, \u00e7evre a\u00e7\u0131s\u0131ndan risk olu\u015fturuyor de\u011ferlendirme yap\u0131lacak. E\u011fer hi\u00e7bir riski yoksa, \u00fcr\u00fcn, etiketi konmak suretiyle sat\u0131labilecek. Fakat bu y\u00f6netmelik maalesef \u00f6yle bir \u015fekilde, amac\u0131n\u0131n 180 derece tersi bir \u015fekilde anla\u015f\u0131ld\u0131. Dan\u0131\u015ftay da y\u00f6netmeli\u011fi durdurdu. Biz de Kanunu TBMM\u2019ye sevkettik.\u201d<\/p>\n","protected":false},"excerpt":{"rendered":"<p>TARIM ve K\u00f6yi\u015fleri Bakan\u0131 Mehdi Eker, geneti\u011fi de\u011fi\u015ftirilmi\u015f organizmalarla (GDO) ilgili sa\u011fl\u0131\u011fa ayk\u0131r\u0131 hi\u00e7bir \u00fcr\u00fcn\u00fcn T\u00fcrkiye\u2019ye girmeyece\u011fini, bir bilimsel komitenin buna karar verece\u011fini bildirdi. Beylikd\u00fcz\u00fc T\u00dcYAP Fuar ve Kongre Merkezinde&hellip;<\/p>\n","protected":false},"author":1,"featured_media":0,"comment_status":"open","ping_status":"open","sticky":false,"template":"","format":"standard","meta":{"footnotes":""},"categories":[2],"tags":[],"class_list":["post-1256","post","type-post","status-publish","format-standard","hentry","category-tarimgentr"],"_links":{"self":[{"href":"https:\/\/tarimhaber.com\/index.php?rest_route=\/wp\/v2\/posts\/1256","targetHints":{"allow":["GET"]}}],"collection":[{"href":"https:\/\/tarimhaber.com\/index.php?rest_route=\/wp\/v2\/posts"}],"about":[{"href":"https:\/\/tarimhaber.com\/index.php?rest_route=\/wp\/v2\/types\/post"}],"author":[{"embeddable":true,"href":"https:\/\/tarimhaber.com\/index.php?rest_route=\/wp\/v2\/users\/1"}],"replies":[{"embeddable":true,"href":"https:\/\/tarimhaber.com\/index.php?rest_route=%2Fwp%2Fv2%2Fcomments&post=1256"}],"version-history":[{"count":0,"href":"https:\/\/tarimhaber.com\/index.php?rest_route=\/wp\/v2\/posts\/1256\/revisions"}],"wp:attachment":[{"href":"https:\/\/tarimhaber.com\/index.php?rest_route=%2Fwp%2Fv2%2Fmedia&parent=1256"}],"wp:term":[{"taxonomy":"category","embeddable":true,"href":"https:\/\/tarimhaber.com\/index.php?rest_route=%2Fwp%2Fv2%2Fcategories&post=1256"},{"taxonomy":"post_tag","embeddable":true,"href":"https:\/\/tarimhaber.com\/index.php?rest_route=%2Fwp%2Fv2%2Ftags&post=1256"}],"curies":[{"name":"wp","href":"https:\/\/api.w.org\/{rel}","templated":true}]}}