{"id":1257,"date":"2009-12-18T15:47:34","date_gmt":"2009-12-18T15:47:34","guid":{"rendered":"http:\/\/tarimhaber.com\/?p=1257"},"modified":"2009-12-18T15:47:34","modified_gmt":"2009-12-18T15:47:34","slug":"sel-baskini-da-tarim-sigortasi-kapsaminda","status":"publish","type":"post","link":"https:\/\/tarimhaber.com\/?p=1257","title":{"rendered":"Sel bask\u0131n\u0131 da tar\u0131m sigortas\u0131 kapsam\u0131nda"},"content":{"rendered":"<p>Tar\u0131m ve K\u00f6yi\u015fleri Bakanl\u0131\u011f\u0131, tar\u0131m sigortalar\u0131n\u0131n kapsam\u0131n\u0131 geni\u015fletti. Sel ve su bask\u0131n\u0131 da sigorta kapsam\u0131na al\u0131nd\u0131.<br \/>\nTar\u0131m ve K\u00f6yi\u015fleri Bakan\u0131 Mehdi Eker, 2010 y\u0131l\u0131ndan itibaren \u00e7ift\u00e7ilerin \u00fcr\u00fcnlerini sel ve su bask\u0131nlar\u0131na kar\u015f\u0131 sigortalatt\u0131\u011f\u0131 takdirde y\u00fczde 50 hibe deste\u011fi vereceklerini a\u00e7\u0131klad\u0131. Eker, &#8220;F\u0131rt\u0131na, dolu, don, hayvan hayat sigortas\u0131 zaten kapsam dahilinde. Bunlarla birlikte sel ve su bask\u0131nlar\u0131n\u0131 da 2010 y\u0131l\u0131nda sigorta kapsam\u0131na al\u0131yoruz. Vatanda\u015flar\u0131m\u0131z sigorta yapt\u0131rd\u0131klar\u0131 takdirde y\u00fczde 50 hibe deste\u011fi sa\u011flayaca\u011f\u0131z.&#8221; dedi. 2006 y\u0131l\u0131nda tar\u0131m sigortas\u0131 uygulamas\u0131n\u0131 ba\u015flatt\u0131klar\u0131n\u0131 hat\u0131rlatan Eker, 2010 y\u0131l\u0131nda y\u00fczde 50 devlet destekli tar\u0131m sigortas\u0131 kapsam\u0131na sel ve su bask\u0131nlar\u0131n\u0131 da sigortadan faydalanacaklar\u0131 riskler i\u00e7ine dahil etme karar\u0131 ald\u0131klar\u0131n\u0131 bildirdi. &#8220;Yani bir \u00fcreticinin seras\u0131n\u0131, bah\u00e7esini, ah\u0131r\u0131n\u0131 sigortalad\u0131\u011f\u0131 takdirde sigorta poli\u00e7e bedelinin yar\u0131s\u0131n\u0131 hibe olarak kar\u015f\u0131l\u0131yoruz.&#8221; diyen Bakan Eker, \u015f\u00f6yle devam etti: &#8220;A\u015fama a\u015fama bunu yayg\u0131nla\u015ft\u0131r\u0131yoruz. Her sene yeni riskleri dahil ediyoruz. 2010 y\u0131l\u0131nda sel ve su bask\u0131nlar\u0131n\u0131 sigortadan faydalanacak riskler i\u00e7erisine al\u0131yoruz. B\u00f6yle bir karar ald\u0131k. \u00c7ift\u00e7ilerin bu durumdan faydalanmas\u0131n\u0131 arzu ediyoruz.&#8221;<br \/>\nBakan Eker, 2010&#8217;da T\u00fcrk \u00e7ift\u00e7isine 5,6 milyar lira nakit \u00f6deme yapacaklar\u0131n\u0131 bildirerek, \u015funlar\u0131 dile getirdi: &#8220;Tar\u0131m sekt\u00f6r\u00fcn\u00fcn yap\u0131lanmas\u0131 konusunda daha \u00f6nce al\u0131nan birtak\u0131m tedbirler vard\u0131. Ayr\u0131ca bakanl\u0131\u011f\u0131n te\u015fkilat kanunu \u00f6n\u00fcm\u00fczdeki g\u00fcnlerde devreye girecek. &#8221; ZAMAN<\/p>\n","protected":false},"excerpt":{"rendered":"<p>Tar\u0131m ve K\u00f6yi\u015fleri Bakanl\u0131\u011f\u0131, tar\u0131m sigortalar\u0131n\u0131n kapsam\u0131n\u0131 geni\u015fletti. Sel ve su bask\u0131n\u0131 da sigorta kapsam\u0131na al\u0131nd\u0131. Tar\u0131m ve K\u00f6yi\u015fleri Bakan\u0131 Mehdi Eker, 2010 y\u0131l\u0131ndan itibaren \u00e7ift\u00e7ilerin \u00fcr\u00fcnlerini sel ve su&hellip;<\/p>\n","protected":false},"author":1,"featured_media":0,"comment_status":"open","ping_status":"open","sticky":false,"template":"","format":"standard","meta":{"footnotes":""},"categories":[2],"tags":[],"class_list":["post-1257","post","type-post","status-publish","format-standard","hentry","category-tarimgentr"],"_links":{"self":[{"href":"https:\/\/tarimhaber.com\/index.php?rest_route=\/wp\/v2\/posts\/1257","targetHints":{"allow":["GET"]}}],"collection":[{"href":"https:\/\/tarimhaber.com\/index.php?rest_route=\/wp\/v2\/posts"}],"about":[{"href":"https:\/\/tarimhaber.com\/index.php?rest_route=\/wp\/v2\/types\/post"}],"author":[{"embeddable":true,"href":"https:\/\/tarimhaber.com\/index.php?rest_route=\/wp\/v2\/users\/1"}],"replies":[{"embeddable":true,"href":"https:\/\/tarimhaber.com\/index.php?rest_route=%2Fwp%2Fv2%2Fcomments&post=1257"}],"version-history":[{"count":0,"href":"https:\/\/tarimhaber.com\/index.php?rest_route=\/wp\/v2\/posts\/1257\/revisions"}],"wp:attachment":[{"href":"https:\/\/tarimhaber.com\/index.php?rest_route=%2Fwp%2Fv2%2Fmedia&parent=1257"}],"wp:term":[{"taxonomy":"category","embeddable":true,"href":"https:\/\/tarimhaber.com\/index.php?rest_route=%2Fwp%2Fv2%2Fcategories&post=1257"},{"taxonomy":"post_tag","embeddable":true,"href":"https:\/\/tarimhaber.com\/index.php?rest_route=%2Fwp%2Fv2%2Ftags&post=1257"}],"curies":[{"name":"wp","href":"https:\/\/api.w.org\/{rel}","templated":true}]}}