{"id":1273,"date":"2010-01-10T19:48:21","date_gmt":"2010-01-10T19:48:21","guid":{"rendered":"http:\/\/tarimhaber.com\/?p=1273"},"modified":"2010-01-10T19:48:21","modified_gmt":"2010-01-10T19:48:21","slug":"danistayin-gdo-yonetmeligi-karari","status":"publish","type":"post","link":"https:\/\/tarimhaber.com\/?p=1273","title":{"rendered":"Dan\u0131\u015ftay&#8217;\u0131n GDO Y\u00f6netmeli\u011fi Karar\u0131"},"content":{"rendered":"<p>Dan\u0131\u015ftay, Tar\u0131m ve K\u00f6yi\u015fleri Bakanl\u0131\u011f\u0131\u2019n\u0131n GDO\u2019lu \u00fcr\u00fcnlerle ilgili y\u00f6netmelik haz\u0131rlama yetkisi oldu\u011funa h\u00fckmetti.<br \/>\nBaz\u0131 sendikalar, dernekler ve vatanda\u015flar, 26 Ekim 2009 tarihli GDO\u2019lu \u00fcr\u00fcnlerle ilgili y\u00f6netmeli\u011fin iptali ve y\u00fcr\u00fctmesinin durdurulmas\u0131 istemiyle Dan\u0131\u015ftay\u2019da dava a\u00e7m\u0131\u015f, Dan\u0131\u015ftay da yap\u0131lan itiraz\u0131 kabul etmi\u015fti.<br \/>\nY\u00fcr\u00fctmeyi durdurma karar\u0131na Tar\u0131m ve K\u00f6yi\u015fleri Bakanl\u0131\u011f\u0131\u2019n\u0131n itiraz\u0131n\u0131 de\u011ferlendiren Dan\u0131\u015ftay \u0130dari Dava Daireleri Kurulu, bakanl\u0131\u011f\u0131n itiraz\u0131n\u0131 kabul etmi\u015fti.<br \/>\nKabul\u00fcn gerek\u00e7elerini a\u00e7\u0131klayan Dan\u0131\u015ftay, &#8220;M\u00fcnhas\u0131r kanun alan\u0131 olarak da ifade edilen, tamamen yasa konusu olan temel hak ve \u00f6zg\u00fcrl\u00fcklerin k\u0131s\u0131tlanmas\u0131 gibi baz\u0131 alanlar\u0131n y\u00f6netmelikle d\u00fczenlenemeyece\u011fine ancak g\u0131day\u0131, tar\u0131m\u0131, insan sa\u011fl\u0131\u011f\u0131n\u0131, hayvanc\u0131l\u0131\u011f\u0131 ve \u00e7evreyi do\u011frudan ilgilendiren bu konuda Tar\u0131m Bakanl\u0131\u011f\u0131n\u0131n, geneti\u011fi de\u011fi\u015ftirilmi\u015f organizma ve \u00fcr\u00fcnleri ile g\u0131da ve yem maddeleriyle ilgili y\u00f6netmelikle d\u00fczenleme yapma yetkisine sahip oldu\u011funu&#8221; vurgulad\u0131.<\/p>\n","protected":false},"excerpt":{"rendered":"<p>Dan\u0131\u015ftay, Tar\u0131m ve K\u00f6yi\u015fleri Bakanl\u0131\u011f\u0131\u2019n\u0131n GDO\u2019lu \u00fcr\u00fcnlerle ilgili y\u00f6netmelik haz\u0131rlama yetkisi oldu\u011funa h\u00fckmetti. Baz\u0131 sendikalar, dernekler ve vatanda\u015flar, 26 Ekim 2009 tarihli GDO\u2019lu \u00fcr\u00fcnlerle ilgili y\u00f6netmeli\u011fin iptali ve y\u00fcr\u00fctmesinin durdurulmas\u0131&hellip;<\/p>\n","protected":false},"author":1,"featured_media":0,"comment_status":"open","ping_status":"open","sticky":false,"template":"","format":"standard","meta":{"footnotes":""},"categories":[2],"tags":[],"class_list":["post-1273","post","type-post","status-publish","format-standard","hentry","category-tarimgentr"],"_links":{"self":[{"href":"https:\/\/tarimhaber.com\/index.php?rest_route=\/wp\/v2\/posts\/1273","targetHints":{"allow":["GET"]}}],"collection":[{"href":"https:\/\/tarimhaber.com\/index.php?rest_route=\/wp\/v2\/posts"}],"about":[{"href":"https:\/\/tarimhaber.com\/index.php?rest_route=\/wp\/v2\/types\/post"}],"author":[{"embeddable":true,"href":"https:\/\/tarimhaber.com\/index.php?rest_route=\/wp\/v2\/users\/1"}],"replies":[{"embeddable":true,"href":"https:\/\/tarimhaber.com\/index.php?rest_route=%2Fwp%2Fv2%2Fcomments&post=1273"}],"version-history":[{"count":0,"href":"https:\/\/tarimhaber.com\/index.php?rest_route=\/wp\/v2\/posts\/1273\/revisions"}],"wp:attachment":[{"href":"https:\/\/tarimhaber.com\/index.php?rest_route=%2Fwp%2Fv2%2Fmedia&parent=1273"}],"wp:term":[{"taxonomy":"category","embeddable":true,"href":"https:\/\/tarimhaber.com\/index.php?rest_route=%2Fwp%2Fv2%2Fcategories&post=1273"},{"taxonomy":"post_tag","embeddable":true,"href":"https:\/\/tarimhaber.com\/index.php?rest_route=%2Fwp%2Fv2%2Ftags&post=1273"}],"curies":[{"name":"wp","href":"https:\/\/api.w.org\/{rel}","templated":true}]}}