{"id":1277,"date":"2010-01-13T11:22:19","date_gmt":"2010-01-13T11:22:19","guid":{"rendered":"http:\/\/tarimhaber.com\/?p=1277"},"modified":"2010-01-13T11:22:19","modified_gmt":"2010-01-13T11:22:19","slug":"kesecek-hayvan-bulamiyoruz","status":"publish","type":"post","link":"https:\/\/tarimhaber.com\/?p=1277","title":{"rendered":"Kesecek hayvan bulam\u0131yoruz"},"content":{"rendered":"<p>T\u00fcrkiye&#8217;de k\u0131rm\u0131z\u0131 et ihtiyac\u0131n\u0131n y\u00fczde 6&#8217;s\u0131n\u0131, Konya&#8217;da y\u00fczde 99&#8217;unu tek ba\u015f\u0131na kar\u015f\u0131layan Konet A\u015e&#8217;nin Genel M\u00fcd\u00fcr\u00fc S\u00fcleyman Ye\u011fenler, besicilerin canl\u0131 hayvan kesim fiyatlar\u0131n\u0131n daha da y\u00fckselece\u011fi beklentisiyle ellerindeki hayvanlar\u0131 satmad\u0131\u011f\u0131n\u0131 s\u00f6yledi.<br \/>\nT\u00fcketiciye en kaliteli ve sa\u011fl\u0131kl\u0131 \u00fcr\u00fcn\u00fc sunmak amac\u0131nda olduklar\u0131n\u0131 ifade eden Ye\u011fenler, ancak son zamanlarda canl\u0131 hayvan sorunu nedeniyle baz\u0131 s\u0131k\u0131nt\u0131lar ya\u015fad\u0131klar\u0131n\u0131 anlatt\u0131.<br \/>\nHayvan tedariki konusunda sorunlar ya\u015fad\u0131klar\u0131n\u0131 anlatan Ye\u011fenler, canl\u0131 hayvan fiyatlar\u0131n\u0131n kurban bayram\u0131ndan sonra \u00e7ok fazla maniple edildi\u011fini belirterek, \u201cYeti\u015ftiricinin elinde hayvan olmas\u0131na kar\u015f\u0131n kesim i\u00e7in canl\u0131 hayvan bulunam\u0131yor. \u00d6zellikle gazetelerde ve televizyonlarda yer alan &#8216;k\u0131rm\u0131z\u0131 et fiyatlar\u0131 daha da artacak&#8217; y\u00f6n\u00fcndeki haberler besiciyi etkiliyor ve bir\u00e7ok besici fiyatlar\u0131n artaca\u011f\u0131 beklentisiyle hayvan\u0131n\u0131 satmak istemiyor\u201d dedi.<\/p>\n","protected":false},"excerpt":{"rendered":"<p>T\u00fcrkiye&#8217;de k\u0131rm\u0131z\u0131 et ihtiyac\u0131n\u0131n y\u00fczde 6&#8217;s\u0131n\u0131, Konya&#8217;da y\u00fczde 99&#8217;unu tek ba\u015f\u0131na kar\u015f\u0131layan Konet A\u015e&#8217;nin Genel M\u00fcd\u00fcr\u00fc S\u00fcleyman Ye\u011fenler, besicilerin canl\u0131 hayvan kesim fiyatlar\u0131n\u0131n daha da y\u00fckselece\u011fi beklentisiyle ellerindeki hayvanlar\u0131 satmad\u0131\u011f\u0131n\u0131&hellip;<\/p>\n","protected":false},"author":1,"featured_media":0,"comment_status":"open","ping_status":"open","sticky":false,"template":"","format":"standard","meta":{"footnotes":""},"categories":[2],"tags":[2273],"class_list":["post-1277","post","type-post","status-publish","format-standard","hentry","category-tarimgentr","tag-http-www-hurriyet-com-tr"],"_links":{"self":[{"href":"https:\/\/tarimhaber.com\/index.php?rest_route=\/wp\/v2\/posts\/1277","targetHints":{"allow":["GET"]}}],"collection":[{"href":"https:\/\/tarimhaber.com\/index.php?rest_route=\/wp\/v2\/posts"}],"about":[{"href":"https:\/\/tarimhaber.com\/index.php?rest_route=\/wp\/v2\/types\/post"}],"author":[{"embeddable":true,"href":"https:\/\/tarimhaber.com\/index.php?rest_route=\/wp\/v2\/users\/1"}],"replies":[{"embeddable":true,"href":"https:\/\/tarimhaber.com\/index.php?rest_route=%2Fwp%2Fv2%2Fcomments&post=1277"}],"version-history":[{"count":0,"href":"https:\/\/tarimhaber.com\/index.php?rest_route=\/wp\/v2\/posts\/1277\/revisions"}],"wp:attachment":[{"href":"https:\/\/tarimhaber.com\/index.php?rest_route=%2Fwp%2Fv2%2Fmedia&parent=1277"}],"wp:term":[{"taxonomy":"category","embeddable":true,"href":"https:\/\/tarimhaber.com\/index.php?rest_route=%2Fwp%2Fv2%2Fcategories&post=1277"},{"taxonomy":"post_tag","embeddable":true,"href":"https:\/\/tarimhaber.com\/index.php?rest_route=%2Fwp%2Fv2%2Ftags&post=1277"}],"curies":[{"name":"wp","href":"https:\/\/api.w.org\/{rel}","templated":true}]}}