{"id":1279,"date":"2010-01-15T07:17:15","date_gmt":"2010-01-15T07:17:15","guid":{"rendered":"http:\/\/tarimhaber.com\/?p=1279"},"modified":"2010-01-15T07:17:15","modified_gmt":"2010-01-15T07:17:15","slug":"tigemde-198-kisilik-ise-24-bin-643-kisi-basvurdu","status":"publish","type":"post","link":"https:\/\/tarimhaber.com\/?p=1279","title":{"rendered":"T\u0130GEM&#8217;de 198 ki\u015filik i\u015fe 24 bin 643 ki\u015fi ba\u015fvurdu"},"content":{"rendered":"<p>Tar\u0131m \u0130\u015fletmeleri Genel M\u00fcd\u00fcrl\u00fc\u011f\u00fc (T\u0130GEM) Ceylanp\u0131nar \u0130\u015fletmesi&#8217;ne daimi i\u015f\u00e7i al\u0131naca\u011f\u0131 haberini alan Urfa merkez ve il\u00e7elerdeki binlerce i\u015fsiz, bir haftadan beri ayakta. Sadece 198 ki\u015finin al\u0131naca\u011f\u0131 i\u015f i\u00e7in 24 bin 643 ki\u015fi ba\u015fvuruda bulundu. \u00d6nceki g\u00fcn gece yar\u0131s\u0131na kadar ba\u015fvurular\u0131 alan \u0130\u015eKUR \u015eanl\u0131urfa \u015eubesi, 22 Ocak&#8217;ta yap\u0131lacak kurayla i\u015fe al\u0131nacaklar\u0131 belirleyecek.<br \/>\nT\u0130GEM&#8217;de daimi i\u015f\u00e7i olma hayali kuran i\u015fsizler, 6 Ocak&#8217;tan beri, sabah\u0131n erken saatlerinde il merkezinde bulunan \u0130\u015eKUR binas\u0131n\u0131n kap\u0131s\u0131nda kay\u0131t yapt\u0131rmak i\u00e7in s\u0131raya girdi. \u0130\u015f ba\u015fvurular\u0131n\u0131n sona erdi\u011fi 13 Ocak gece yar\u0131s\u0131na kadar s\u00fcren bekleyi\u015f yerini, \u0130\u015eKUR \u015fubesinin i\u015fe al\u0131nacaklarla ilgili yapaca\u011f\u0131 a\u00e7\u0131klamaya b\u0131rakt\u0131. Trakt\u00f6r s\u00fcr\u00fcc\u00fcs\u00fc, kaynak\u00e7\u0131, oto elektrik\u00e7isi, torna ustas\u0131 ve sulama ustas\u0131 olarak al\u0131nacak 198 i\u015f\u00e7iden biri olma hayaliyle \u0130\u015eKUR kap\u0131s\u0131nda kuyru\u011fa giren Veysi Y\u0131lmaz, &#8220;Ceylanp\u0131nar T\u0130GEM&#8217;e elaman al\u0131naca\u011f\u0131n\u0131 duyduk. Sabah 04.00&#8217;te \u0130\u015eKUR M\u00fcd\u00fcrl\u00fc\u011f\u00fc \u00f6n\u00fcne geldik. Halen s\u0131ra bekliyoruz, beklemeye de devam edece\u011fiz. Peri\u015fan durumday\u0131z. Binlerce insan var burada. Ger\u00e7ekten \u00e7ok k\u00f6t\u00fc bir durum&#8221; dedi.<\/p>\n","protected":false},"excerpt":{"rendered":"<p>Tar\u0131m \u0130\u015fletmeleri Genel M\u00fcd\u00fcrl\u00fc\u011f\u00fc (T\u0130GEM) Ceylanp\u0131nar \u0130\u015fletmesi&#8217;ne daimi i\u015f\u00e7i al\u0131naca\u011f\u0131 haberini alan Urfa merkez ve il\u00e7elerdeki binlerce i\u015fsiz, bir haftadan beri ayakta. Sadece 198 ki\u015finin al\u0131naca\u011f\u0131 i\u015f i\u00e7in 24 bin&hellip;<\/p>\n","protected":false},"author":1,"featured_media":0,"comment_status":"open","ping_status":"open","sticky":false,"template":"","format":"standard","meta":{"footnotes":""},"categories":[2],"tags":[2912],"class_list":["post-1279","post","type-post","status-publish","format-standard","hentry","category-tarimgentr","tag-http-www-referansgazetesi-com"],"_links":{"self":[{"href":"https:\/\/tarimhaber.com\/index.php?rest_route=\/wp\/v2\/posts\/1279","targetHints":{"allow":["GET"]}}],"collection":[{"href":"https:\/\/tarimhaber.com\/index.php?rest_route=\/wp\/v2\/posts"}],"about":[{"href":"https:\/\/tarimhaber.com\/index.php?rest_route=\/wp\/v2\/types\/post"}],"author":[{"embeddable":true,"href":"https:\/\/tarimhaber.com\/index.php?rest_route=\/wp\/v2\/users\/1"}],"replies":[{"embeddable":true,"href":"https:\/\/tarimhaber.com\/index.php?rest_route=%2Fwp%2Fv2%2Fcomments&post=1279"}],"version-history":[{"count":0,"href":"https:\/\/tarimhaber.com\/index.php?rest_route=\/wp\/v2\/posts\/1279\/revisions"}],"wp:attachment":[{"href":"https:\/\/tarimhaber.com\/index.php?rest_route=%2Fwp%2Fv2%2Fmedia&parent=1279"}],"wp:term":[{"taxonomy":"category","embeddable":true,"href":"https:\/\/tarimhaber.com\/index.php?rest_route=%2Fwp%2Fv2%2Fcategories&post=1279"},{"taxonomy":"post_tag","embeddable":true,"href":"https:\/\/tarimhaber.com\/index.php?rest_route=%2Fwp%2Fv2%2Ftags&post=1279"}],"curies":[{"name":"wp","href":"https:\/\/api.w.org\/{rel}","templated":true}]}}