{"id":1280,"date":"2010-01-15T07:18:27","date_gmt":"2010-01-15T07:18:27","guid":{"rendered":"http:\/\/tarimhaber.com\/?p=1280"},"modified":"2010-01-15T07:18:27","modified_gmt":"2010-01-15T07:18:27","slug":"et-fiyatlari-ureticiye-hayvan-kestirmiyor","status":"publish","type":"post","link":"https:\/\/tarimhaber.com\/?p=1280","title":{"rendered":"Et fiyatlar\u0131 \u00fcreticiye hayvan kestirmiyor"},"content":{"rendered":"<p>K\u0131rm\u0131z\u0131 et fiyatlar\u0131n\u0131n artmas\u0131nda, besicilerin canl\u0131 hayvan kesim fiyatlar\u0131n\u0131n daha da y\u00fckselece\u011fi beklentisiyle ellerindeki hayvanlar\u0131 satmamas\u0131n\u0131n etkili oldu\u011fu belirtildi. Konet A\u015e Genel M\u00fcd\u00fcr\u00fc S\u00fcleyman Ye\u011fenler, son zamanlarda canl\u0131 hayvan sorunu nedeniyle baz\u0131 s\u0131k\u0131nt\u0131lar ya\u015fad\u0131klar\u0131n\u0131 anlatt\u0131. Hayvan tedariki konusunda sorunlar ya\u015fad\u0131klar\u0131n\u0131 anlatan Ye\u011fenler, canl\u0131 hayvan fiyatlar\u0131n\u0131n Kurban Bayram\u0131&#8217;ndan sonra \u00e7ok fazla manip\u00fcle edildi\u011fini belirterek &#8220;Yeti\u015ftiricinin elinde hayvan olmas\u0131na kar\u015f\u0131n kesim i\u00e7in canl\u0131 hayvan bulunam\u0131yor. \u00d6zellikle gazetelerde ve televizyonlarda yer alan &#8216;k\u0131rm\u0131z\u0131 et fiyatlar\u0131 daha da artacak&#8217; y\u00f6n\u00fcndeki haberler besiciyi etkiliyor ve bir\u00e7ok besici fiyatlar\u0131n artaca\u011f\u0131 beklentisiyle hayvan\u0131n\u0131 satmak istemiyor&#8221; dedi<\/p>\n","protected":false},"excerpt":{"rendered":"<p>K\u0131rm\u0131z\u0131 et fiyatlar\u0131n\u0131n artmas\u0131nda, besicilerin canl\u0131 hayvan kesim fiyatlar\u0131n\u0131n daha da y\u00fckselece\u011fi beklentisiyle ellerindeki hayvanlar\u0131 satmamas\u0131n\u0131n etkili oldu\u011fu belirtildi. Konet A\u015e Genel M\u00fcd\u00fcr\u00fc S\u00fcleyman Ye\u011fenler, son zamanlarda canl\u0131 hayvan sorunu&hellip;<\/p>\n","protected":false},"author":1,"featured_media":0,"comment_status":"open","ping_status":"open","sticky":false,"template":"","format":"standard","meta":{"footnotes":""},"categories":[2],"tags":[2912],"class_list":["post-1280","post","type-post","status-publish","format-standard","hentry","category-tarimgentr","tag-http-www-referansgazetesi-com"],"_links":{"self":[{"href":"https:\/\/tarimhaber.com\/index.php?rest_route=\/wp\/v2\/posts\/1280","targetHints":{"allow":["GET"]}}],"collection":[{"href":"https:\/\/tarimhaber.com\/index.php?rest_route=\/wp\/v2\/posts"}],"about":[{"href":"https:\/\/tarimhaber.com\/index.php?rest_route=\/wp\/v2\/types\/post"}],"author":[{"embeddable":true,"href":"https:\/\/tarimhaber.com\/index.php?rest_route=\/wp\/v2\/users\/1"}],"replies":[{"embeddable":true,"href":"https:\/\/tarimhaber.com\/index.php?rest_route=%2Fwp%2Fv2%2Fcomments&post=1280"}],"version-history":[{"count":0,"href":"https:\/\/tarimhaber.com\/index.php?rest_route=\/wp\/v2\/posts\/1280\/revisions"}],"wp:attachment":[{"href":"https:\/\/tarimhaber.com\/index.php?rest_route=%2Fwp%2Fv2%2Fmedia&parent=1280"}],"wp:term":[{"taxonomy":"category","embeddable":true,"href":"https:\/\/tarimhaber.com\/index.php?rest_route=%2Fwp%2Fv2%2Fcategories&post=1280"},{"taxonomy":"post_tag","embeddable":true,"href":"https:\/\/tarimhaber.com\/index.php?rest_route=%2Fwp%2Fv2%2Ftags&post=1280"}],"curies":[{"name":"wp","href":"https:\/\/api.w.org\/{rel}","templated":true}]}}