{"id":1283,"date":"2010-01-19T21:25:38","date_gmt":"2010-01-19T21:25:38","guid":{"rendered":"http:\/\/tarimhaber.com\/?p=1283"},"modified":"2010-01-19T21:25:38","modified_gmt":"2010-01-19T21:25:38","slug":"biyoguvenlik-kanunu-tasarisi-alt-komisyona-sevk-edildi","status":"publish","type":"post","link":"https:\/\/tarimhaber.com\/?p=1283","title":{"rendered":"Biyog\u00fcvenlik Kanunu Tasar\u0131s\u0131, alt komisyona sevk edildi"},"content":{"rendered":"<p>Geneti\u011fi De\u011fi\u015ftirilmi\u015f Organizmalar (GDO) ve \u00fcr\u00fcnlerine ili\u015fkin d\u00fczenlemeleri i\u00e7eren Biyog\u00fcvenlik Kanunu Tasar\u0131s\u0131, Tar\u0131m, Orman ve K\u00f6yi\u015fleri Komisyonunda,alt komisyona sevk edildi.<br \/>\nAK Parti Adana Milletvekili Vahit Kiri\u015f\u00e7i ba\u015fkanl\u0131\u011f\u0131nda toplanan Tar\u0131m, Orman ve K\u00f6yi\u015fleri Komisyonunda Biyog\u00fcvenlik Kanun Tasar\u0131s\u0131 ele al\u0131nd\u0131.<br \/>\nTasar\u0131n\u0131n t\u00fcm\u00fc \u00fczerinde konu\u015fan ve sorular\u0131 yan\u0131tlayan Tar\u0131m ve K\u00f6yi\u015fleri Bakan\u0131 Mehdi Eker, 2008 y\u0131l\u0131 itibariyle 20&#8217;nin \u00fczerinde \u00fclkede 120 milyon hektarda GDO&#8217;lu \u00fcretiminin ger\u00e7ekle\u015fti\u011fini belirtti. T\u00fcrkiye&#8217;nin bu konuda Cartagena Biyog\u00fcvenlik Protokol\u00fcne taraf oldu\u011funu an\u0131msatan Eker, &#8221;T\u00fcrkiye bu meseleye ihtiyatla yakla\u015fan \u00fclkeler aras\u0131ndad\u0131r&#8221; dedi.<\/p>\n","protected":false},"excerpt":{"rendered":"<p>Geneti\u011fi De\u011fi\u015ftirilmi\u015f Organizmalar (GDO) ve \u00fcr\u00fcnlerine ili\u015fkin d\u00fczenlemeleri i\u00e7eren Biyog\u00fcvenlik Kanunu Tasar\u0131s\u0131, Tar\u0131m, Orman ve K\u00f6yi\u015fleri Komisyonunda,alt komisyona sevk edildi. AK Parti Adana Milletvekili Vahit Kiri\u015f\u00e7i ba\u015fkanl\u0131\u011f\u0131nda toplanan Tar\u0131m, Orman&hellip;<\/p>\n","protected":false},"author":1,"featured_media":0,"comment_status":"open","ping_status":"open","sticky":false,"template":"","format":"standard","meta":{"footnotes":""},"categories":[2],"tags":[3415],"class_list":["post-1283","post","type-post","status-publish","format-standard","hentry","category-tarimgentr","tag-http-www-zaman-com-tr"],"_links":{"self":[{"href":"https:\/\/tarimhaber.com\/index.php?rest_route=\/wp\/v2\/posts\/1283","targetHints":{"allow":["GET"]}}],"collection":[{"href":"https:\/\/tarimhaber.com\/index.php?rest_route=\/wp\/v2\/posts"}],"about":[{"href":"https:\/\/tarimhaber.com\/index.php?rest_route=\/wp\/v2\/types\/post"}],"author":[{"embeddable":true,"href":"https:\/\/tarimhaber.com\/index.php?rest_route=\/wp\/v2\/users\/1"}],"replies":[{"embeddable":true,"href":"https:\/\/tarimhaber.com\/index.php?rest_route=%2Fwp%2Fv2%2Fcomments&post=1283"}],"version-history":[{"count":0,"href":"https:\/\/tarimhaber.com\/index.php?rest_route=\/wp\/v2\/posts\/1283\/revisions"}],"wp:attachment":[{"href":"https:\/\/tarimhaber.com\/index.php?rest_route=%2Fwp%2Fv2%2Fmedia&parent=1283"}],"wp:term":[{"taxonomy":"category","embeddable":true,"href":"https:\/\/tarimhaber.com\/index.php?rest_route=%2Fwp%2Fv2%2Fcategories&post=1283"},{"taxonomy":"post_tag","embeddable":true,"href":"https:\/\/tarimhaber.com\/index.php?rest_route=%2Fwp%2Fv2%2Ftags&post=1283"}],"curies":[{"name":"wp","href":"https:\/\/api.w.org\/{rel}","templated":true}]}}