{"id":1287,"date":"2010-01-27T14:22:34","date_gmt":"2010-01-27T14:22:34","guid":{"rendered":"http:\/\/tarimhaber.com\/?p=1287"},"modified":"2010-01-27T14:22:34","modified_gmt":"2010-01-27T14:22:34","slug":"tarim-arazilerini-istila-eden-farelerle-mucadelede-8-ton-zehirli-yem-kullanildi","status":"publish","type":"post","link":"https:\/\/tarimhaber.com\/?p=1287","title":{"rendered":"Tar\u0131m Arazilerini \u0130stila Eden Farelerle M\u00fccadelede 8 Ton Zehirli Yem Kullan\u0131ld\u0131"},"content":{"rendered":"<p>Isparta&#8217;da tarla ve bah\u00e7eleri istila eden farelerle m\u00fccadele i\u00e7in zehirli yem kullan\u0131l\u0131yor. Isparta Tar\u0131m \u0130l M\u00fcd\u00fcrl\u00fc\u011f\u00fc&#8217;n\u00fcn bu kapsamda haz\u0131rlad\u0131\u011f\u0131 8 ton zehirli yem \u00fcreticilere da\u011f\u0131t\u0131ld\u0131.<\/p>\n<p>Ispartal\u0131 \u00fcreticilerin ba\u015f\u0131 son d\u00f6nemde say\u0131lar\u0131 iyice artan ekili arazilerle, bah\u00e7elerde ciddi zarara neden olan tarla fareleriyle dertte. Isparta Tar\u0131m \u0130l M\u00fcd\u00fcrl\u00fc\u011f\u00fc taraf\u0131ndan haz\u0131rlanan fare yemleri de \u00fcreticilere da\u011f\u0131t\u0131ld\u0131. Tar\u0131m \u0130l M\u00fcd\u00fcr\u00fc S\u0131dd\u0131k \u0130pek, farelerle zehirli yem y\u00f6ntemi ile m\u00fccadele ettiklerini belirterek, &#8220;K\u00f6yl\u00fclere \u00f6zel olarak haz\u0131rlanan fare yemini paketler halinde veriyoruz.&#8221; dedi. Mecbur kald\u0131klar\u0131 i\u00e7in b\u00f6yle bir y\u00f6ntemin kullan\u0131ld\u0131\u011f\u0131n\u0131 ifade eden \u0130pek, en g\u00fczel \u00e7arenin bilin\u00e7siz avc\u0131l\u0131\u011f\u0131n \u00f6n\u00fcne ge\u00e7ilerek yaban hayat\u0131n\u0131n korunmas\u0131 oldu\u011funu kaydetti.<\/p>\n","protected":false},"excerpt":{"rendered":"<p>Isparta&#8217;da tarla ve bah\u00e7eleri istila eden farelerle m\u00fccadele i\u00e7in zehirli yem kullan\u0131l\u0131yor. Isparta Tar\u0131m \u0130l M\u00fcd\u00fcrl\u00fc\u011f\u00fc&#8217;n\u00fcn bu kapsamda haz\u0131rlad\u0131\u011f\u0131 8 ton zehirli yem \u00fcreticilere da\u011f\u0131t\u0131ld\u0131. Ispartal\u0131 \u00fcreticilerin ba\u015f\u0131 son d\u00f6nemde&hellip;<\/p>\n","protected":false},"author":1,"featured_media":0,"comment_status":"open","ping_status":"open","sticky":false,"template":"","format":"standard","meta":{"footnotes":""},"categories":[2],"tags":[],"class_list":["post-1287","post","type-post","status-publish","format-standard","hentry","category-tarimgentr"],"_links":{"self":[{"href":"https:\/\/tarimhaber.com\/index.php?rest_route=\/wp\/v2\/posts\/1287","targetHints":{"allow":["GET"]}}],"collection":[{"href":"https:\/\/tarimhaber.com\/index.php?rest_route=\/wp\/v2\/posts"}],"about":[{"href":"https:\/\/tarimhaber.com\/index.php?rest_route=\/wp\/v2\/types\/post"}],"author":[{"embeddable":true,"href":"https:\/\/tarimhaber.com\/index.php?rest_route=\/wp\/v2\/users\/1"}],"replies":[{"embeddable":true,"href":"https:\/\/tarimhaber.com\/index.php?rest_route=%2Fwp%2Fv2%2Fcomments&post=1287"}],"version-history":[{"count":0,"href":"https:\/\/tarimhaber.com\/index.php?rest_route=\/wp\/v2\/posts\/1287\/revisions"}],"wp:attachment":[{"href":"https:\/\/tarimhaber.com\/index.php?rest_route=%2Fwp%2Fv2%2Fmedia&parent=1287"}],"wp:term":[{"taxonomy":"category","embeddable":true,"href":"https:\/\/tarimhaber.com\/index.php?rest_route=%2Fwp%2Fv2%2Fcategories&post=1287"},{"taxonomy":"post_tag","embeddable":true,"href":"https:\/\/tarimhaber.com\/index.php?rest_route=%2Fwp%2Fv2%2Ftags&post=1287"}],"curies":[{"name":"wp","href":"https:\/\/api.w.org\/{rel}","templated":true}]}}