{"id":1292,"date":"2010-02-02T18:43:03","date_gmt":"2010-02-02T18:43:03","guid":{"rendered":"http:\/\/tarimhaber.com\/?p=1292"},"modified":"2010-02-02T18:43:03","modified_gmt":"2010-02-02T18:43:03","slug":"zeytin-ve-zeytiyaginda-duraklama-donemi","status":"publish","type":"post","link":"https:\/\/tarimhaber.com\/?p=1292","title":{"rendered":"ZEYT\u0130N VE ZEYT\u0130YA\u011eINDA DURAKLAMA D\u00d6NEM\u0130"},"content":{"rendered":"<p>Ayd\u0131n&#8217;da zeytinlerin hastal\u0131k kapmas\u0131ndan dolay\u0131 elde edilen zeytin ve zeytin ya\u011f\u0131nda b\u00fcy\u00fck bir kriz ya\u015fan\u0131yor.<\/p>\n<p>Ge\u00e7ti\u011fimiz y\u0131l kurakl\u0131ktan dolay\u0131 verim al\u0131namayan zeytinde bu y\u0131lda hastal\u0131k ya\u015fanmas\u0131 \u00fcreticiyi zor duruma sokaca\u011f\u0131 d\u00fc\u015f\u00fcn\u00fcl\u00fcyor.<br \/>\nT\u00fcrkiye&#8217;nin en \u00f6nemli zeytin \u00fcretim merkezlerinin ba\u015f\u0131nda gelen Ayd\u0131n&#8217;da, \u00f6nceki y\u0131l ya\u015fanan kurakl\u0131k nedeniyle ka\u00e7k\u0131n yapamayan zeytin a\u011fa\u00e7lar\u0131 \u00fcreticiyi h\u00fcsrana u\u011frat\u0131rken bu y\u0131lda zeytinin hastal\u0131k kapmas\u0131 \u00fcreticiyi s\u0131k\u0131nt\u0131ya soktu. Bu y\u0131l zeytinin yok y\u0131l\u0131 olmas\u0131na ra\u011fmen sezon ba\u015f\u0131nda zeytin a\u011fa\u00e7lar\u0131n\u0131n \u00e7ok fazla \u00e7i\u00e7eklenmesinin \u00fcreticiyi \u00fcmitlendirdi\u011fini, ancak iklim \u015fartlar\u0131ndan dolay\u0131 da zeytin sine\u011finin \u00e7ok fazla olmas\u0131 zeytininin hastal\u0131k kapmas\u0131na neden oldu\u011funu kaydeden Ayd\u0131n Ticaret Borsas\u0131 Ba\u015fkan\u0131 Adnan Bosnal\u0131, \u201cBu y\u0131l zeytin \u00fcreticisi sezon ba\u015f\u0131nda a\u011fa\u00e7lardaki \u00e7i\u00e7ekten dolay\u0131 \u00e7ok \u00fcmitlendi. Ancak iklim \u015fartlar\u0131nda dolay\u0131 bu sene zeytin sine\u011fi de \u00e7ok fazla oldu. \u00dcreticimiz zaman\u0131nda ila\u00e7lama yapmad\u0131\u011f\u0131 i\u00e7inde zeytin hastal\u0131k kapt\u0131. Bu y\u00fczden bu y\u0131l y\u00fczde 20 civar\u0131nda rekolte bekliyoruz\u201d dedi.<\/p>\n","protected":false},"excerpt":{"rendered":"<p>Ayd\u0131n&#8217;da zeytinlerin hastal\u0131k kapmas\u0131ndan dolay\u0131 elde edilen zeytin ve zeytin ya\u011f\u0131nda b\u00fcy\u00fck bir kriz ya\u015fan\u0131yor. Ge\u00e7ti\u011fimiz y\u0131l kurakl\u0131ktan dolay\u0131 verim al\u0131namayan zeytinde bu y\u0131lda hastal\u0131k ya\u015fanmas\u0131 \u00fcreticiyi zor duruma sokaca\u011f\u0131&hellip;<\/p>\n","protected":false},"author":1,"featured_media":0,"comment_status":"open","ping_status":"open","sticky":false,"template":"","format":"standard","meta":{"footnotes":""},"categories":[2],"tags":[],"class_list":["post-1292","post","type-post","status-publish","format-standard","hentry","category-tarimgentr"],"_links":{"self":[{"href":"https:\/\/tarimhaber.com\/index.php?rest_route=\/wp\/v2\/posts\/1292","targetHints":{"allow":["GET"]}}],"collection":[{"href":"https:\/\/tarimhaber.com\/index.php?rest_route=\/wp\/v2\/posts"}],"about":[{"href":"https:\/\/tarimhaber.com\/index.php?rest_route=\/wp\/v2\/types\/post"}],"author":[{"embeddable":true,"href":"https:\/\/tarimhaber.com\/index.php?rest_route=\/wp\/v2\/users\/1"}],"replies":[{"embeddable":true,"href":"https:\/\/tarimhaber.com\/index.php?rest_route=%2Fwp%2Fv2%2Fcomments&post=1292"}],"version-history":[{"count":0,"href":"https:\/\/tarimhaber.com\/index.php?rest_route=\/wp\/v2\/posts\/1292\/revisions"}],"wp:attachment":[{"href":"https:\/\/tarimhaber.com\/index.php?rest_route=%2Fwp%2Fv2%2Fmedia&parent=1292"}],"wp:term":[{"taxonomy":"category","embeddable":true,"href":"https:\/\/tarimhaber.com\/index.php?rest_route=%2Fwp%2Fv2%2Fcategories&post=1292"},{"taxonomy":"post_tag","embeddable":true,"href":"https:\/\/tarimhaber.com\/index.php?rest_route=%2Fwp%2Fv2%2Ftags&post=1292"}],"curies":[{"name":"wp","href":"https:\/\/api.w.org\/{rel}","templated":true}]}}