{"id":1294,"date":"2010-02-04T10:20:30","date_gmt":"2010-02-04T10:20:30","guid":{"rendered":"http:\/\/tarimhaber.com\/?p=1294"},"modified":"2010-02-04T10:20:30","modified_gmt":"2010-02-04T10:20:30","slug":"ege-ve-trakya-da-hayvancilik-icin","status":"publish","type":"post","link":"https:\/\/tarimhaber.com\/?p=1294","title":{"rendered":"Ege ve Trakya da hayvanc\u0131l\u0131k i\u00e7in"},"content":{"rendered":"<p>H\u00fck\u00fcmetin, Do\u011fu ve G\u00fcneydo\u011fu&#8217;da besicili\u011fi geli\u015ftirmek i\u00e7in haz\u0131rlad\u0131\u011f\u0131 60 milyon liral\u0131k te\u015fvik paketi, bu b\u00f6lgelerde olumlu kar\u015f\u0131lan\u0131rken, di\u011fer b\u00f6lgelerdeki \u00fcreticiler tepki g\u00f6sterdi. Projeyi b\u00f6lgenin kalk\u0131nmas\u0131nda \u00f6nemli bir ad\u0131m olarak g\u00f6ren Do\u011fu ve G\u00fcneydo\u011fulu \u00fcreticiler, &#8220;Hayvanc\u0131l\u0131\u011f\u0131n merkezi bu b\u00f6lgedir. Karar do\u011frudur&#8221; derken, Ege ve Trakyal\u0131 besiciler desteklerden mahrum kalm\u0131\u015f olmalar\u0131n\u0131n nedenini anlamad\u0131klar\u0131n\u0131 belirtti.<br \/>\nHafta sonunda Tar\u0131m Bakan\u0131 Mehdi Eker&#8217;in a\u00e7\u0131klad\u0131\u011f\u0131 destekleme program\u0131na g\u00f6re, halen uygulanan te\u015fvik programlar\u0131ndan farkl\u0131 olarak b\u00f6lgede kurulacak 50 ve 100 ba\u015fl\u0131k i\u015fletmelere bu y\u0131ldan itibaren iki y\u0131l boyunca destek verilecek. Yat\u0131r\u0131mlar e\u011fer s\u0131f\u0131rdan kurulacak ise yat\u0131r\u0131m tutar\u0131n\u0131n y\u00fczde 30&#8217;u, makine veya hayvan al\u0131m\u0131nda ise y\u00fczde 40&#8217;\u0131 olarak uygulanacak. Projenin uygulanmas\u0131 i\u00e7in ise toplamda 60 milyon lira b\u00fct\u00e7e ayr\u0131lacak.<\/p>\n","protected":false},"excerpt":{"rendered":"<p>H\u00fck\u00fcmetin, Do\u011fu ve G\u00fcneydo\u011fu&#8217;da besicili\u011fi geli\u015ftirmek i\u00e7in haz\u0131rlad\u0131\u011f\u0131 60 milyon liral\u0131k te\u015fvik paketi, bu b\u00f6lgelerde olumlu kar\u015f\u0131lan\u0131rken, di\u011fer b\u00f6lgelerdeki \u00fcreticiler tepki g\u00f6sterdi. Projeyi b\u00f6lgenin kalk\u0131nmas\u0131nda \u00f6nemli bir ad\u0131m olarak g\u00f6ren&hellip;<\/p>\n","protected":false},"author":1,"featured_media":0,"comment_status":"open","ping_status":"open","sticky":false,"template":"","format":"standard","meta":{"footnotes":""},"categories":[2],"tags":[2912],"class_list":["post-1294","post","type-post","status-publish","format-standard","hentry","category-tarimgentr","tag-http-www-referansgazetesi-com"],"_links":{"self":[{"href":"https:\/\/tarimhaber.com\/index.php?rest_route=\/wp\/v2\/posts\/1294","targetHints":{"allow":["GET"]}}],"collection":[{"href":"https:\/\/tarimhaber.com\/index.php?rest_route=\/wp\/v2\/posts"}],"about":[{"href":"https:\/\/tarimhaber.com\/index.php?rest_route=\/wp\/v2\/types\/post"}],"author":[{"embeddable":true,"href":"https:\/\/tarimhaber.com\/index.php?rest_route=\/wp\/v2\/users\/1"}],"replies":[{"embeddable":true,"href":"https:\/\/tarimhaber.com\/index.php?rest_route=%2Fwp%2Fv2%2Fcomments&post=1294"}],"version-history":[{"count":0,"href":"https:\/\/tarimhaber.com\/index.php?rest_route=\/wp\/v2\/posts\/1294\/revisions"}],"wp:attachment":[{"href":"https:\/\/tarimhaber.com\/index.php?rest_route=%2Fwp%2Fv2%2Fmedia&parent=1294"}],"wp:term":[{"taxonomy":"category","embeddable":true,"href":"https:\/\/tarimhaber.com\/index.php?rest_route=%2Fwp%2Fv2%2Fcategories&post=1294"},{"taxonomy":"post_tag","embeddable":true,"href":"https:\/\/tarimhaber.com\/index.php?rest_route=%2Fwp%2Fv2%2Ftags&post=1294"}],"curies":[{"name":"wp","href":"https:\/\/api.w.org\/{rel}","templated":true}]}}